{"id":9869,"date":"2013-09-27T14:57:10","date_gmt":"2013-09-27T13:57:10","guid":{"rendered":"http:\/\/www.disfrutalapalma.com\/?p=9869"},"modified":"2013-12-29T18:50:48","modified_gmt":"2013-12-29T17:50:48","slug":"kaffee-cocktails-unter-palmen","status":"publish","type":"post","link":"https:\/\/www.disfrutalapalma.com\/de\/2013\/09\/kaffee-cocktails-unter-palmen\/","title":{"rendered":"Kaffee &#038; Cocktails unter Palmen"},"content":{"rendered":"<div>\n<div style=\"width:420px;float:left;margin-right:20px;\"><img loading=\"lazy\" decoding=\"async\" src=\"http:\/\/www.disfrutalapalma.com\/wp-content\/uploads\/Laly.jpg\" alt=\"\" title=\"Laly\" width=\"420\" height=\"582\" class=\"alignnone size-full wp-image-9479\" srcset=\"https:\/\/www.disfrutalapalma.com\/wp-content\/uploads\/Laly.jpg 420w, https:\/\/www.disfrutalapalma.com\/wp-content\/uploads\/Laly-216x300.jpg 216w\" sizes=\"auto, (max-width: 420px) 100vw, 420px\" \/><\/div>\n<div>\n<p style=\"margin-bottom:20px;margin-top:0px;\">Was lange w\u00e4hrt wird endlich gut: Der Paseo Mar\u00edtimo, also die Promenade von Puerto Naos, erstrahlt p\u00fcnktlich zum Saisonbeginn in neuem Glanz. Und mit ihm &#8211; ganz am Anfang der Promenade &#8211; die neue Terrasse der Bar-Cafeter\u00eda <i>El Bucanero<\/i>, dem sympathischen Lokal der liebensw\u00fcrdigen und engagierten Gastronomin Laly. Die neue Terrasse mit den gem\u00fctlichen Korbm\u00f6beln ragt jetzt weit in die Promenade hinein, durch die Palmen hat man nun einen fantastischen Blick aufs weite Meer. Das <i>El Bucanero<\/i> ist damit sicher einer der sch\u00f6nsten Pl\u00e4tze in Puerto Naos, um ab 10 Uhr zu fr\u00fchst\u00fccken, zwischendurch einen leckeren Snack zu sich zu nehmen, nachmittags einen der vielen Kaffees aus Lalys Angebot zu probieren oder am Abend bei einem Cocktail und Livemusik die spektakul\u00e4ren Sonnenunterg\u00e4nge zu genie\u00dfen! Vielleicht treffen wir uns dann ja &#8230;<\/p>\n<p style=\"font-size:10px;font-style:italic;line-height:10px;\">Fotos &#038; Text:<br \/>Uwe S. Meschede<\/p>\n<\/div>\n<div style=\"clear:both;\"><\/div>\n<\/div>\n<div style=\"text-align: center; font-size: 10px; border-top:dotted; border-top-width: thin; margin-bottom: 15px; padding: 0px; padding-top: 10px;\">Werbung<img loading=\"lazy\" decoding=\"async\" src=\"http:\/\/www.disfrutalapalma.com\/wp-content\/uploads\/SanPetronio-banner.jpg\" alt=\"\" title=\"SanPetronio-banner\" width=\"640\" height=\"200\" class=\"alignnone size-full wp-image-10032\" srcset=\"https:\/\/www.disfrutalapalma.com\/wp-content\/uploads\/SanPetronio-banner.jpg 640w, https:\/\/www.disfrutalapalma.com\/wp-content\/uploads\/SanPetronio-banner-300x93.jpg 300w\" sizes=\"auto, (max-width: 640px) 100vw, 640px\" \/><\/div>\n<div class=\"associated-posts title-full-content\"><\/div>\n","protected":false},"excerpt":{"rendered":"<p>Was lange w\u00e4hrt wird endlich gut: Der Paseo Mar\u00edtimo, also die Promenade von Puerto Naos, erstrahlt p\u00fcnktlich zum Saisonbeginn in neuem Glanz. Und mit ihm &#8211; ganz am Anfang der Promenade &#8211; die neue Terrasse der Bar-Cafeter\u00eda El Bucanero, dem &hellip; <a href=\"https:\/\/www.disfrutalapalma.com\/de\/2013\/09\/kaffee-cocktails-unter-palmen\/\">Weiterlesen <span class=\"meta-nav\">&rarr;<\/span><\/a><\/p>\n","protected":false},"author":3004,"featured_media":10508,"comment_status":"closed","ping_status":"closed","sticky":false,"template":"","format":"standard","meta":{"_acf_changed":false,"footnotes":""},"categories":[16],"tags":[],"class_list":["post-9869","post","type-post","status-publish","format-standard","has-post-thumbnail","hentry","category-cat_archiv"],"acf":[],"_links":{"self":[{"href":"https:\/\/www.disfrutalapalma.com\/de\/wp-json\/wp\/v2\/posts\/9869","targetHints":{"allow":["GET"]}}],"collection":[{"href":"https:\/\/www.disfrutalapalma.com\/de\/wp-json\/wp\/v2\/posts"}],"about":[{"href":"https:\/\/www.disfrutalapalma.com\/de\/wp-json\/wp\/v2\/types\/post"}],"author":[{"embeddable":true,"href":"https:\/\/www.disfrutalapalma.com\/de\/wp-json\/wp\/v2\/users\/3004"}],"replies":[{"embeddable":true,"href":"https:\/\/www.disfrutalapalma.com\/de\/wp-json\/wp\/v2\/comments?post=9869"}],"version-history":[{"count":8,"href":"https:\/\/www.disfrutalapalma.com\/de\/wp-json\/wp\/v2\/posts\/9869\/revisions"}],"predecessor-version":[{"id":10507,"href":"https:\/\/www.disfrutalapalma.com\/de\/wp-json\/wp\/v2\/posts\/9869\/revisions\/10507"}],"wp:featuredmedia":[{"embeddable":true,"href":"https:\/\/www.disfrutalapalma.com\/de\/wp-json\/wp\/v2\/media\/10508"}],"wp:attachment":[{"href":"https:\/\/www.disfrutalapalma.com\/de\/wp-json\/wp\/v2\/media?parent=9869"}],"wp:term":[{"taxonomy":"category","embeddable":true,"href":"https:\/\/www.disfrutalapalma.com\/de\/wp-json\/wp\/v2\/categories?post=9869"},{"taxonomy":"post_tag","embeddable":true,"href":"https:\/\/www.disfrutalapalma.com\/de\/wp-json\/wp\/v2\/tags?post=9869"}],"curies":[{"name":"wp","href":"https:\/\/api.w.org\/{rel}","templated":true}]}}