{"id":8580,"date":"2013-03-26T10:32:09","date_gmt":"2013-03-26T09:32:09","guid":{"rendered":"http:\/\/www.disfrutalapalma.com\/?p=8580"},"modified":"2013-09-27T17:03:09","modified_gmt":"2013-09-27T16:03:09","slug":"restaurant-la-perla-negrael-paso","status":"publish","type":"post","link":"https:\/\/www.disfrutalapalma.com\/de\/2013\/03\/restaurant-la-perla-negrael-paso\/","title":{"rendered":"Restaurant La Perla Negra\/El Paso"},"content":{"rendered":"<div style =\"margin-bottom:15px;\">\n<div style=\"margin-bottom:6px;\">\n<img loading=\"lazy\" decoding=\"async\" src=\"http:\/\/www.disfrutalapalma.com\/wp-content\/uploads\/PerlaNegra-3.jpg\" alt=\"\" title=\"PerlaNegra-3\" width=\"640\" height=\"305\" class=\"alignnone size-full wp-image-8292\" srcset=\"https:\/\/www.disfrutalapalma.com\/wp-content\/uploads\/PerlaNegra-3.jpg 640w, https:\/\/www.disfrutalapalma.com\/wp-content\/uploads\/PerlaNegra-3-300x142.jpg 300w\" sizes=\"auto, (max-width: 640px) 100vw, 640px\" \/>\n<\/div>\n<div style=\"padding-top:5px;height:23px;background-color:#FFC340; font-size:18px;font-weight:bold;text-align:center;color:#000;\">Schiffsrestaurant-Konzept jetzt mit festem Boden unter den F\u00fc\u00dfen:<\/div>\n<div style=\"margin-top:15px;margin-bottom:15px;color:#D49100;font-size:24px;font-weight:bold;line-height:27px;\">Gehobene K\u00fcche im neuen Restaurant<br \/>\n<i>La Perla Negra<\/i> in der ehemaligen Bar Central\/El Paso<\/div>\n<div style=\"float:right;margin-left:10px;\"><img loading=\"lazy\" decoding=\"async\" src=\"http:\/\/www.disfrutalapalma.com\/wp-content\/uploads\/PerlaNegra-4.jpg\" alt=\"\" title=\"PerlaNegra-4\" width=\"220\" height=\"272\" class=\"alignnone size-full wp-image-8307\" \/><\/div>\n<div><span style=\"font-size:40px;color:#D49100;font-weight:bold;\">E<\/span>rinnern Sie sich an die fantastische Idee mit dem Schiffsrestaurant La Perla Negra im Hafen von Tazacorte? Nachdem das Projekt leider ad acta gelegt werden musste, haben sich die beiden leidenschaftlichen Initiatoren dieses tollen Vorhabens, Mar\u00eda und Carsten, nun f\u00fcr festen Boden unter den F\u00fc\u00dfen entschieden: Ab dem 5. April 2013 realisieren sie ihr gastronomisches Perla-Negra-Konzept in der ehemaligen Bar Central in El Paso.<br \/>\nIn einem etwas umgestalteten und sehr gem\u00fctlichen Umfeld offerieren der erfahrene Koch und seine sympathische Frau ihren G\u00e4sten dabei nicht nur eine gehobene und kreative mediterrane K\u00fcche mit den besten Produkten aus La Palma, sondern auch einen sehr charmanten und aufmerksamen Service, der einem gleich das Gef\u00fchl vermittelt: Hier bin ich nicht nur als zahlender Gast, sondern auch als Mensch ganz herzlich willkommen.<br \/>\nWir kennen die beiden schon l\u00e4nger und k\u00f6nnen daher versichern: Das engagierte Paar h\u00e4lt, was es verspricht!<br \/>\nTreffen wir uns am 5. April 2013 im Restaurante La Perla Negra zur Er\u00f6ffnung?<span style=\"color:#FFAF00;font-weight:700;\"> ? <\/span><br \/><span style=\"color:#000;\"><em>(Uwe S. Meschede)<\/em><\/span><\/div>\n<p><a href=\"\/?p=6631\" target=\"_blank\"><\/p>\n<div class=\"lageplan\" style=\"clear:both;height:22px; width:180px; background-color:#FFAF00;color:#FFF;text-align:center;font-weight:bold;padding-top:5px;margin-bottom:20px;margin-top:0px;\">Anfahrtsplan &#038; mehr Infos<\/div>\n<p><\/a>[five-star-rating]\n<\/div>\n<div class=\"associated-posts title-full-content\"><\/div>\n","protected":false},"excerpt":{"rendered":"<p>Schiffsrestaurant-Konzept jetzt mit festem Boden unter den F\u00fc\u00dfen: Gehobene K\u00fcche im neuen Restaurant La Perla Negra in der ehemaligen Bar Central\/El Paso Erinnern Sie sich an die fantastische Idee mit dem Schiffsrestaurant La Perla Negra im Hafen von Tazacorte? Nachdem &hellip; <a href=\"https:\/\/www.disfrutalapalma.com\/de\/2013\/03\/restaurant-la-perla-negrael-paso\/\">Weiterlesen <span class=\"meta-nav\">&rarr;<\/span><\/a><\/p>\n","protected":false},"author":3004,"featured_media":8292,"comment_status":"closed","ping_status":"closed","sticky":false,"template":"","format":"standard","meta":{"_acf_changed":false,"footnotes":""},"categories":[16],"tags":[],"class_list":["post-8580","post","type-post","status-publish","format-standard","has-post-thumbnail","hentry","category-cat_archiv"],"acf":[],"_links":{"self":[{"href":"https:\/\/www.disfrutalapalma.com\/de\/wp-json\/wp\/v2\/posts\/8580","targetHints":{"allow":["GET"]}}],"collection":[{"href":"https:\/\/www.disfrutalapalma.com\/de\/wp-json\/wp\/v2\/posts"}],"about":[{"href":"https:\/\/www.disfrutalapalma.com\/de\/wp-json\/wp\/v2\/types\/post"}],"author":[{"embeddable":true,"href":"https:\/\/www.disfrutalapalma.com\/de\/wp-json\/wp\/v2\/users\/3004"}],"replies":[{"embeddable":true,"href":"https:\/\/www.disfrutalapalma.com\/de\/wp-json\/wp\/v2\/comments?post=8580"}],"version-history":[{"count":4,"href":"https:\/\/www.disfrutalapalma.com\/de\/wp-json\/wp\/v2\/posts\/8580\/revisions"}],"predecessor-version":[{"id":9945,"href":"https:\/\/www.disfrutalapalma.com\/de\/wp-json\/wp\/v2\/posts\/8580\/revisions\/9945"}],"wp:featuredmedia":[{"embeddable":true,"href":"https:\/\/www.disfrutalapalma.com\/de\/wp-json\/wp\/v2\/media\/8292"}],"wp:attachment":[{"href":"https:\/\/www.disfrutalapalma.com\/de\/wp-json\/wp\/v2\/media?parent=8580"}],"wp:term":[{"taxonomy":"category","embeddable":true,"href":"https:\/\/www.disfrutalapalma.com\/de\/wp-json\/wp\/v2\/categories?post=8580"},{"taxonomy":"post_tag","embeddable":true,"href":"https:\/\/www.disfrutalapalma.com\/de\/wp-json\/wp\/v2\/tags?post=8580"}],"curies":[{"name":"wp","href":"https:\/\/api.w.org\/{rel}","templated":true}]}}