{"id":39459,"date":"2025-10-05T12:27:20","date_gmt":"2025-10-05T11:27:20","guid":{"rendered":"https:\/\/www.disfrutalapalma.com\/?p=39459"},"modified":"2026-01-03T17:29:55","modified_gmt":"2026-01-03T16:29:55","slug":"la-palma-smalltalk","status":"publish","type":"post","link":"https:\/\/www.disfrutalapalma.com\/de\/2025\/10\/la-palma-smalltalk\/","title":{"rendered":"<span style='color:#808080;font-size:20px;font-weight:300;text-decoration: underline; margin-bottom:0px;'>Neuer Video-Podcast direkt aus La Palma<\/span><br>LA PALMA SMALLTALK"},"content":{"rendered":"<div style=\"font-family: 'Fira Sans Condensed', sans-serif; font-weight: 300; font-size: 14px; line-height: 20px; margin-bottom: 15px; margin-top: 0px;\">\n<div style=\"\"><img loading=\"lazy\" decoding=\"async\" src=\"https:\/\/www.disfrutalapalma.com\/wp-content\/uploads\/LPST_3-25-1.jpg\" alt=\"\" width=\"640\" height=\"228\" class=\"alignnone size-full wp-image-39460\" srcset=\"https:\/\/www.disfrutalapalma.com\/wp-content\/uploads\/LPST_3-25-1.jpg 640w, https:\/\/www.disfrutalapalma.com\/wp-content\/uploads\/LPST_3-25-1-300x107.jpg 300w\" sizes=\"auto, (max-width: 640px) 100vw, 640px\" \/><\/div>\n<div style=\"text-align:center;\">\n<div style=\"margin-top: 20px; position: relative; display: inline; font-size:20px; text-align:center; border: #000 solid 1px; border-radius: 0px; padding:5px;\">Neuer Video-Podcast direkt aus La Palma<\/div>\n<\/div>\n<div style=\"margin-top: 20px; margin-bottom: 0px; text-align:center; font-size: 36px;line-height: 40px;\">Einwanderer &#038; Insider erz\u00e4hlen<br \/>\nihre La-Palma-Stories<\/div>\n<div style=\"margin-bottom: 10px; text-align: center;font-size: 14px; font-weight: 500;\">Text &#038; Fotos: Uwe S. Meschede<\/div>\n<div style=\"\"><img loading=\"lazy\" decoding=\"async\" src=\"https:\/\/www.disfrutalapalma.com\/wp-content\/uploads\/Interview-Thomas_3-25.jpg\" alt=\"\" width=\"640\" height=\"359\" class=\"alignnone size-full wp-image-39475\" srcset=\"https:\/\/www.disfrutalapalma.com\/wp-content\/uploads\/Interview-Thomas_3-25.jpg 640w, https:\/\/www.disfrutalapalma.com\/wp-content\/uploads\/Interview-Thomas_3-25-300x168.jpg 300w\" sizes=\"auto, (max-width: 640px) 100vw, 640px\" \/><\/div>\n<div style=\"\">\n<p style=\"margin-top:0px; margin-bottom: 0px;\">Ein knappes Jahr hat es gedauert, die Idee inhaltlich und technisch in die Tat umzusetzen, doch jetzt ist La Palma SmallTalk da: Ein Video-Podcast direkt aus La Palma. F\u00fcr alle, die La Palma in irgend einer Form interessiert, sei es \u201enur\u201c aus Urlaubgr\u00fcnden oder gar, um eines Tages hierher auszuwandern \u2013 sogar mit deutschen oder spanischen Untertiteln, wer den entsprechende Button bei YouTube anklickt!<br \/>\nWir plaudern mit interessanten G\u00e4sten von der Isla Bonita \u00fcber ihre ganz pers\u00f6nlichen La-Palma-Erfahrungen, wie sie nach La Palma kamen, wie sie hier leben, welche Schwierigkeiten aber auch Gl\u00fccksmomente sie hier hatten, wovon sie leben und vieles mehr. Die unterschiedlichen Charaktere machen jede einzelne Begegnung erfrischend kurzweilig und viele der pers\u00f6nlichen Erfahrungen sind oft spannender als ein Krimi. Erg\u00e4nzt werden die lockeren Plaudereien schlie\u00dflich mit Video-Einspielern aus deren t\u00e4glichem privaten wie auch beruflichen Leben. Am Ende gibt es von jedem Gast schlie\u00dflich immer noch ganz pers\u00f6nliche La-Palma-Tipps \u2013 f\u00fcr Urlauber UND Residenten.<\/p>\n<div style=\"float:left; width: 320px; margin-right: 20px;border: 1px #000 solid; padding: 15px;padding-bottom:8px;\">\n<p style=\"font-size: 20px; font-weight: 500;margin-top:0px; margin-bottom: 10px;\">Das Abonnement &#8211; so funktionierts!<\/p>\n<p><a href=\"https:\/\/www.youtube.com\/@LaPalmaSmallTalk\" target=\"_blank\" style=\"color: #FFF;\"><\/p>\n<div style=\"display: inline;Background-color:#000; color: #FFF; padding:5px;padding-right:10px;padding-left: 10px;border-radius: 10px;box-shadow: 5px 5px 5px #CCC;\">La Palma SmallTalk abonnieren<\/div>\n<p><\/a><\/p>\n<p style=\"margin-top:10px; margin-bottom: 0px;\">Zum Abonnieren bitte auf diesen Button klicken &#8211; Sie kommen nun auf die YouTube-Seite von La Palma SmallTalk! Nun einfach auf \u201eAbonnieren\u201c klicken &#8211; fertig.<\/p>\n<\/div>\n<p style=\"margin-top:0px; margin-bottom: 0px;\">Wenn alles planm\u00e4\u00dfig verl\u00e4uft, gibt\u2019s rund alle zwei Wochen einen neuen La Palma SmallTalk mit jeweils neuen, interessanten G\u00e4sten, anregenden Gespr\u00e4chen und interessanten Insides direkt aus La Palma.<br \/>\nWie bereits im Editorial dieser Ausgabe erw\u00e4hnt, ist diese Idee ein Herzensprojekt mit Non-Profit-Charakter. Daher w\u00e4ren wir f\u00fcr Ihre Unterst\u00fctzung nat\u00fcrlich sehr dankbar: Bitte abonnieren Sie doch den Kanal und liken Sie die einzelnen Videos \u2013 das kostet Sie nichts und uns w\u00e4re damit damit enorm geholfen, da der YouTube-Algorithmus Ihr Engagement registriert und uns an mehr YouTube-Publikum weiterempfiehlt. Zudem k\u00f6nnen Sie uns in der Kommentarfunktion unter den Videos schreiben, Fragen stellen und Kritik \u00e4u\u00dfern und werden zudem immer dann benachrichtigt, wenn ein neuer La Palma SmallTalk erscheint.<br \/>\nF\u00fcr Reaktion und Kommunikation m\u00fcssten Sie nat\u00fcrlich bei YouTube registriert sein. Falls Sie das noch nicht sind \u2013 es ist ganz einfach: Wenn Sie auf \u201eAbonnieren\u201c klicken, werden Sie aufgefordert sich anzumelden. Wenn Sie danach auf \u201eKonto erstellen\u201c klicken, k\u00f6nnen Sie sich mit Ihrer Telefonnummer oder E-Mail-Adresse und ein paar Fragen &#038; Antworten registrieren \u2013 fertig.<br \/>\nIch freue mich auf jeden Fall sehr auf tolle Gespr\u00e4che mit super interessanten Menschen und ihren La-Palma-Geschichten. Ebenso freue ich mich auf Ihre Fragen und Kommentare unter den Videos! Ich hoffe, Sie haben viel Spa\u00df bei La Palma SmallTalk!!!<\/p>\n<\/div>\n<\/div>\n<div class=\"associated-posts title-full-content\"><\/div>\n","protected":false},"excerpt":{"rendered":"<p>Neuer Video-Podcast direkt aus La Palma Einwanderer &#038; Insider erz\u00e4hlen ihre La-Palma-Stories Text &#038; Fotos: Uwe S. Meschede Ein knappes Jahr hat es gedauert, die Idee inhaltlich und technisch in die Tat umzusetzen, doch jetzt ist La Palma SmallTalk da: &hellip; <a href=\"https:\/\/www.disfrutalapalma.com\/de\/2025\/10\/la-palma-smalltalk\/\">Weiterlesen <span class=\"meta-nav\">&rarr;<\/span><\/a><\/p>\n","protected":false},"author":3004,"featured_media":0,"comment_status":"closed","ping_status":"closed","sticky":false,"template":"","format":"standard","meta":{"_acf_changed":false,"footnotes":""},"categories":[16],"tags":[],"class_list":["post-39459","post","type-post","status-publish","format-standard","hentry","category-cat_archiv"],"acf":[],"_links":{"self":[{"href":"https:\/\/www.disfrutalapalma.com\/de\/wp-json\/wp\/v2\/posts\/39459","targetHints":{"allow":["GET"]}}],"collection":[{"href":"https:\/\/www.disfrutalapalma.com\/de\/wp-json\/wp\/v2\/posts"}],"about":[{"href":"https:\/\/www.disfrutalapalma.com\/de\/wp-json\/wp\/v2\/types\/post"}],"author":[{"embeddable":true,"href":"https:\/\/www.disfrutalapalma.com\/de\/wp-json\/wp\/v2\/users\/3004"}],"replies":[{"embeddable":true,"href":"https:\/\/www.disfrutalapalma.com\/de\/wp-json\/wp\/v2\/comments?post=39459"}],"version-history":[{"count":28,"href":"https:\/\/www.disfrutalapalma.com\/de\/wp-json\/wp\/v2\/posts\/39459\/revisions"}],"predecessor-version":[{"id":39569,"href":"https:\/\/www.disfrutalapalma.com\/de\/wp-json\/wp\/v2\/posts\/39459\/revisions\/39569"}],"wp:attachment":[{"href":"https:\/\/www.disfrutalapalma.com\/de\/wp-json\/wp\/v2\/media?parent=39459"}],"wp:term":[{"taxonomy":"category","embeddable":true,"href":"https:\/\/www.disfrutalapalma.com\/de\/wp-json\/wp\/v2\/categories?post=39459"},{"taxonomy":"post_tag","embeddable":true,"href":"https:\/\/www.disfrutalapalma.com\/de\/wp-json\/wp\/v2\/tags?post=39459"}],"curies":[{"name":"wp","href":"https:\/\/api.w.org\/{rel}","templated":true}]}}