{"id":29465,"date":"2020-03-24T14:50:30","date_gmt":"2020-03-24T13:50:30","guid":{"rendered":"http:\/\/www.disfrutalapalma.com\/?p=29465"},"modified":"2022-06-02T17:33:15","modified_gmt":"2022-06-02T16:33:15","slug":"los-ib%c3%a9ricos-de-la-palma","status":"publish","type":"post","link":"https:\/\/www.disfrutalapalma.com\/de\/2020\/03\/los-ib%c3%a9ricos-de-la-palma\/","title":{"rendered":"Los Ib\u00e9ricos de La Palma"},"content":{"rendered":"<div style=\"font-size:16px;line-height:20px;color:#000;margin-bottom:10px;margin-top:5px;text-align:left;font-family: 'Roboto Condensed', sans-serif; font-weight: 300;color:#000;\">\n<div><img loading=\"lazy\" decoding=\"async\" src=\"http:\/\/www.disfrutalapalma.com\/wp-content\/uploads\/Interessantes_2-2020-1.jpg\" alt=\"\" title=\"Interessantes_2-2020-1\" width=\"640\" height=\"157\" class=\"alignnone size-full wp-image-29186\" srcset=\"https:\/\/www.disfrutalapalma.com\/wp-content\/uploads\/Interessantes_2-2020-1.jpg 640w, https:\/\/www.disfrutalapalma.com\/wp-content\/uploads\/Interessantes_2-2020-1-300x73.jpg 300w, https:\/\/www.disfrutalapalma.com\/wp-content\/uploads\/Interessantes_2-2020-1-100x24.jpg 100w\" sizes=\"auto, (max-width: 640px) 100vw, 640px\" \/><\/div>\n<div style=\"margin-bottom:10px;margin-top:10px;text-align:left;font-family: 'BenchNine', sans-serif;font-size:20px;line-height:24px;font-weight:bold;\">Los Llanos:<span style=\"font-weight:bold;text-transform:uppercase;color:#D2A556;\"> Los Ib\u00e9ricos de La Palma<\/span> &#8211; Delikatessen mit Degustation<\/div>\n<div style=\"margin-bottom:10px;margin-top:10px;text-align:left;font-family: 'BenchNine', sans-serif;font-size:46px;line-height:48px;\">Endlich wieder ein <span style=\"font-weight:bold;text-transform:uppercase;color:#D2A556;\">Delikatessengesch\u00e4ft<\/span> in <br \/><span style=\"font-weight:bold;text-transform:uppercase;color:#D2A556;\">Los Llanos!<\/span> Und was f\u00fcr eins &#8230;!!!<\/div>\n<div style=\"\"><img loading=\"lazy\" decoding=\"async\" src=\"http:\/\/www.disfrutalapalma.com\/wp-content\/uploads\/Interessantes_2-2020-2.jpg\" alt=\"\" title=\"Interessantes_2-2020-2\" width=\"640\" height=\"436\" class=\"alignnone size-full wp-image-29190\" srcset=\"https:\/\/www.disfrutalapalma.com\/wp-content\/uploads\/Interessantes_2-2020-2.jpg 640w, https:\/\/www.disfrutalapalma.com\/wp-content\/uploads\/Interessantes_2-2020-2-300x204.jpg 300w, https:\/\/www.disfrutalapalma.com\/wp-content\/uploads\/Interessantes_2-2020-2-100x68.jpg 100w\" sizes=\"auto, (max-width: 640px) 100vw, 640px\" \/><\/div>\n<div style=\"margin-bottom:10px;text-align:left;\">Seit Anfang M\u00e4rz hat Los Llanos endlich wieder ein tolles Delikatessen-, Schinken- und Wurstwarengesch\u00e4ft &#8211; sogar mit Degustation: <span style=\"font-family: 'BenchNine', sans-serif;font-weight:bold;text-transform:uppercase; color:#D2A556;\">Los Ib\u00e9ricos de La Palma<\/span> befindet sich in der Gesch\u00e4ftspassage zwischen der Plaza Espa\u00f1a und der Stra\u00dfe Fern\u00e1ndez Ta\u00f1o (Plaza Chica). Die beiden Inhaber Lola und Daniel bieten auf zwei Ebenen ein ausgew\u00e4hltes Sortiment an diversen spanischen Schinken, sage und schreibe 30 verschiedene K\u00e4sesorten aus sieben L\u00e4ndern, Oliven, ein interessantes Aufschnitt-Spektrum sowie eine ganze Palette bester Oliven\u00f6le und Weine aus La Palma sowie vom spanischen Festland. Interessant: <span style=\"font-family: 'BenchNine', sans-serif;font-weight:bold;text-transform:uppercase; color:#D2A556;\">Los Ib\u00e9ricos de La Palma<\/span> schneidet Schinken auch f\u00fcr Feierlichkeiten wie Hochzeiten, Geburtstage und andere Events und verschickt seine Produkte sogar &#8211; und zwar nach ganz Europa!<\/div>\n<div style=\"\"><\/div>\n<div style=\"\"><\/div>\n<div style=\"\"><\/div>\n<div style=\"\"><\/div>\n<div style=\"text-align:center;margin-top:8px;margin-bottom:15px;font-size:16px;line-height:20px;\"><a href=\"https:\/\/www.disfrutalapalma.com\/guia\/charcuter%c3%ada-los-ib%c3%a9ricos-de-la-palma\/\" target=\"_blank\" style=\"color:#D2A556;text-decoration:underline;font-weight:700;\">Zum Eintrag in unserem Guide<\/a><\/div>\n<div style=\"text-align:right;font-size:10px;font-weight:400;font-style:italic;\">Text &#038; Fotos: Uwe S. Meschede<\/div>\n<\/div>\n<div style=\"text-align: center; font-size: 10px; border-top:dotted; border-top-width: thin; margin-bottom: 15px; padding: 0px; padding-top: 10px;\">Werbung<a href=\"http:\/\/www.volcan-verde.com\/\" target=\"_blank\"><img loading=\"lazy\" decoding=\"async\" src=\"http:\/\/www.disfrutalapalma.com\/wp-content\/uploads\/VolcanVerde_2-2017D.jpg\" alt=\"\" title=\"VolcanVerde_2-2017D\" width=\"640\" height=\"100\" class=\"alignnone size-full wp-image-20229\" srcset=\"https:\/\/www.disfrutalapalma.com\/wp-content\/uploads\/VolcanVerde_2-2017D.jpg 640w, https:\/\/www.disfrutalapalma.com\/wp-content\/uploads\/VolcanVerde_2-2017D-300x46.jpg 300w, https:\/\/www.disfrutalapalma.com\/wp-content\/uploads\/VolcanVerde_2-2017D-100x15.jpg 100w\" sizes=\"auto, (max-width: 640px) 100vw, 640px\" \/><\/a><a href=\"http:\/\/www.disfrutalapalma.com\/varios\/volc\u00e1n-verde\/\" target=\"_blank\">Zum Eintrag in unserem Shopping-Guide &#8230;<\/a><\/div>\n<div class=\"associated-posts title-full-content\"><\/div>\n","protected":false},"excerpt":{"rendered":"<p>Los Llanos: Los Ib\u00e9ricos de La Palma &#8211; Delikatessen mit Degustation Endlich wieder ein Delikatessengesch\u00e4ft in Los Llanos! Und was f\u00fcr eins &#8230;!!! Seit Anfang M\u00e4rz hat Los Llanos endlich wieder ein tolles Delikatessen-, Schinken- und Wurstwarengesch\u00e4ft &#8211; sogar mit &hellip; <a href=\"https:\/\/www.disfrutalapalma.com\/de\/2020\/03\/los-ib%c3%a9ricos-de-la-palma\/\">Weiterlesen <span class=\"meta-nav\">&rarr;<\/span><\/a><\/p>\n","protected":false},"author":3004,"featured_media":29467,"comment_status":"closed","ping_status":"closed","sticky":false,"template":"","format":"standard","meta":{"_acf_changed":false,"footnotes":""},"categories":[16],"tags":[],"class_list":["post-29465","post","type-post","status-publish","format-standard","has-post-thumbnail","hentry","category-cat_archiv"],"acf":[],"_links":{"self":[{"href":"https:\/\/www.disfrutalapalma.com\/de\/wp-json\/wp\/v2\/posts\/29465","targetHints":{"allow":["GET"]}}],"collection":[{"href":"https:\/\/www.disfrutalapalma.com\/de\/wp-json\/wp\/v2\/posts"}],"about":[{"href":"https:\/\/www.disfrutalapalma.com\/de\/wp-json\/wp\/v2\/types\/post"}],"author":[{"embeddable":true,"href":"https:\/\/www.disfrutalapalma.com\/de\/wp-json\/wp\/v2\/users\/3004"}],"replies":[{"embeddable":true,"href":"https:\/\/www.disfrutalapalma.com\/de\/wp-json\/wp\/v2\/comments?post=29465"}],"version-history":[{"count":3,"href":"https:\/\/www.disfrutalapalma.com\/de\/wp-json\/wp\/v2\/posts\/29465\/revisions"}],"predecessor-version":[{"id":30726,"href":"https:\/\/www.disfrutalapalma.com\/de\/wp-json\/wp\/v2\/posts\/29465\/revisions\/30726"}],"wp:featuredmedia":[{"embeddable":true,"href":"https:\/\/www.disfrutalapalma.com\/de\/wp-json\/wp\/v2\/media\/29467"}],"wp:attachment":[{"href":"https:\/\/www.disfrutalapalma.com\/de\/wp-json\/wp\/v2\/media?parent=29465"}],"wp:term":[{"taxonomy":"category","embeddable":true,"href":"https:\/\/www.disfrutalapalma.com\/de\/wp-json\/wp\/v2\/categories?post=29465"},{"taxonomy":"post_tag","embeddable":true,"href":"https:\/\/www.disfrutalapalma.com\/de\/wp-json\/wp\/v2\/tags?post=29465"}],"curies":[{"name":"wp","href":"https:\/\/api.w.org\/{rel}","templated":true}]}}