{"id":28306,"date":"2019-10-05T16:18:04","date_gmt":"2019-10-05T15:18:04","guid":{"rendered":"http:\/\/www.disfrutalapalma.com\/?p=28306"},"modified":"2022-06-02T17:33:20","modified_gmt":"2022-06-02T16:33:20","slug":"hotel-san-telmosanta-cruz-de-la-palma-2","status":"publish","type":"post","link":"https:\/\/www.disfrutalapalma.com\/de\/2019\/10\/hotel-san-telmosanta-cruz-de-la-palma-2\/","title":{"rendered":"<i>Hotel San Telmo<\/i>\/Santa Cruz de La Palma"},"content":{"rendered":"<div style=\"font-size:16px;line-height:20px;color:#000;margin-bottom:10px;margin-top:5px;text-align:center;font-family: 'Roboto Condensed', sans-serif; font-weight: 300;color:#000;\">\n<div style=\"\"><img loading=\"lazy\" decoding=\"async\" src=\"http:\/\/www.disfrutalapalma.com\/wp-content\/uploads\/Hotel_San_Telmo_4-2019-1.jpg\" alt=\"\" title=\"Hotel_San_Telmo_4-2019-1\" width=\"640\" height=\"432\" class=\"alignnone size-full wp-image-26996\" srcset=\"https:\/\/www.disfrutalapalma.com\/wp-content\/uploads\/Hotel_San_Telmo_4-2019-1.jpg 640w, https:\/\/www.disfrutalapalma.com\/wp-content\/uploads\/Hotel_San_Telmo_4-2019-1-300x202.jpg 300w, https:\/\/www.disfrutalapalma.com\/wp-content\/uploads\/Hotel_San_Telmo_4-2019-1-100x67.jpg 100w\" sizes=\"auto, (max-width: 640px) 100vw, 640px\" \/><\/div>\n<div style=\"margin-bottom:10px;margin-top:10px;text-align:center;font-family: 'BenchNine', sans-serif;font-size:100px;line-height:100px;color:#D79002;\">\u00a1Happy Birthday!<\/div>\n<div style=\"\"><img loading=\"lazy\" decoding=\"async\" src=\"http:\/\/www.disfrutalapalma.com\/wp-content\/uploads\/Hotel_San_Telmo_4-2019-4.jpg\" alt=\"\" title=\"Hotel_San_Telmo_4-2019-4\" width=\"640\" height=\"240\" class=\"alignnone size-full wp-image-26997\" srcset=\"https:\/\/www.disfrutalapalma.com\/wp-content\/uploads\/Hotel_San_Telmo_4-2019-4.jpg 640w, https:\/\/www.disfrutalapalma.com\/wp-content\/uploads\/Hotel_San_Telmo_4-2019-4-300x112.jpg 300w, https:\/\/www.disfrutalapalma.com\/wp-content\/uploads\/Hotel_San_Telmo_4-2019-4-100x37.jpg 100w\" sizes=\"auto, (max-width: 640px) 100vw, 640px\" \/><\/div>\n<div style=\"margin-top:10px;margin-left:0px;margin-right:0px;font-size:26px;line-height:34px;font-weight:700;margin-bottom:10px;text-align:left;font-family: 'BenchNine', sans-serif;color:#D79002;\">Vor \u00fcber f\u00fcnf Jahren, in unserer Ausgabe 2-2014, hatten wir \u00fcber die Neuer\u00f6ffnung des Hotels San Telmo im historischen Zentrum von Santa Cruz de La Palma berichtet. Jetzt feiert das von G\u00e4sten \u00fcberaus gut beurteilte Hotel seinen 5. Geburtstag und wir haben uns mal angesehen, was sich in der Zwischenzeit so alles getan hat. &#8211; Wir waren \u00fcberrascht von der revolution\u00e4ren Entwicklung dieses Kleinods in einer der sch\u00f6nsten Hauptst\u00e4dte der Kanaren &#8230;<\/div>\n<div style=\"margin-top:0px;\"><img loading=\"lazy\" decoding=\"async\" src=\"http:\/\/www.disfrutalapalma.com\/wp-content\/uploads\/Hotel_San_Telmo_4-2019-6.jpg\" alt=\"\" title=\"Hotel_San_Telmo_4-2019-6\" width=\"350\" height=\"255\" class=\"alignnone size-full wp-image-27005\" srcset=\"https:\/\/www.disfrutalapalma.com\/wp-content\/uploads\/Hotel_San_Telmo_4-2019-6.jpg 350w, https:\/\/www.disfrutalapalma.com\/wp-content\/uploads\/Hotel_San_Telmo_4-2019-6-300x218.jpg 300w, https:\/\/www.disfrutalapalma.com\/wp-content\/uploads\/Hotel_San_Telmo_4-2019-6-100x72.jpg 100w\" sizes=\"auto, (max-width: 350px) 100vw, 350px\" \/><\/div>\n<div style=\"margin-bottom:10px;text-align:left;\"><span style=\"color:#D79002;font-size:3em;\">B<\/span>ereits 2014, als Bernhard Praml und Richard Goetz das existierende Hotel San Telmo im alten Stadtkern von Santa Cruz &#8211; direkt an der sch\u00f6nen Plaza Santo Domingo &#8211; \u00fcbernommen und umgestaltet haben, war es in unseren Augen enorm attraktiv: sehr geschmackvoll gestaltete und gut ausgestattete Zimmer mit modernen B\u00e4dern, eine einladende Rezeption und Lobby sowie eine tolle Terrasse. Die Meinungen in einschl\u00e4gigen Bewertungsportalen \u00fcberschlugen sich vor Begeisterung.<br \/>\nNun w\u00e4ren die beiden Hoteliers aber nicht, was sie heute sind, wenn das dann auch schon alles gewesen w\u00e4re \u2026 Die Design-Liebhaber wollten etwas, mit dem sie sich zu 100% identifizieren k\u00f6nnen und ruhten nicht, das gesamte Hotel im Laufe dieser f\u00fcnf Jahre auf ein Niveau zu bringen, mit dem es das San Telmo locker in jedes Reise-Magazin schafft: Geschmackvolles Interieur, brandneue B\u00e4der mit wertiger Ausstattung und liebevoll gestaltete Terrassen, Balkone und Au\u00dfenfl\u00e4chen machen das San Telmo heute zu einem erstklassigen Boutique-Hotel. Doch das w\u00e4re noch zu oberfl\u00e4chlich gesagt! Denn das gesamte Team des Hauses strahlt die Begeisterung der beiden Initiatoren aus und die ausgesprochene Freundlichkeit ist hier echt und nicht nur professionell aufgesetzt. Selbst dem fantastischen Fr\u00fchst\u00fccksbuffet merkt man an: Hier steckt ganz viel Liebe, Leidenschaft und Herzblut drin, hier ist man als Gast wirklich herzlich willkommen!<br \/>\nAch ja, und es hat sich noch etwas getan: 2016 haben die beiden das Hotel Benahoare in Los Llanos, direkt gegen\u00fcber dem Museum Benahoarita, er\u00f6ffnet &#8211; mit der gleichen Leidenschaft und mit einem vergleichbaren Chic. Dazu geh\u00f6rt das Cafe Idafe mit dem besten Fr\u00fchst\u00fcck weit und breit, nicht nur f\u00fcr Hotelg\u00e4ste &#8211;  sollte man unbedingt probieren! <\/div>\n<div style=\"margin-bottom:10px;\"><b>Weitere Informationen:<\/b><br \/>\n<a href=\"http:\/\/www.hotel-santelmo.com\" target=\"_blank\" style=\"text-decoration:underline;color:#000;\">www.hotel-santelmo.com<\/a><br \/>\n<a href=\"http:\/\/www.hotel-benahoare.com\" target=\"_blank\" style=\"text-decoration:underline;color:#000;\">www.hotel-benahoare.com<\/a><br \/>\n<a href=\"http:\/\/www.cafe-idafe.com\" target=\"_blank\" style=\"text-decoration:underline;color:#000;\">www.cafe-idafe.com<\/a><\/div>\n<div style=\"\"><img loading=\"lazy\" decoding=\"async\" src=\"http:\/\/www.disfrutalapalma.com\/wp-content\/uploads\/Hotel_San_Telmo_4-2019-2.jpg\" alt=\"\" title=\"Hotel_San_Telmo_4-2019-2\" width=\"640\" height=\"418\" class=\"alignnone size-full wp-image-26999\" srcset=\"https:\/\/www.disfrutalapalma.com\/wp-content\/uploads\/Hotel_San_Telmo_4-2019-2.jpg 640w, https:\/\/www.disfrutalapalma.com\/wp-content\/uploads\/Hotel_San_Telmo_4-2019-2-300x195.jpg 300w, https:\/\/www.disfrutalapalma.com\/wp-content\/uploads\/Hotel_San_Telmo_4-2019-2-100x65.jpg 100w\" sizes=\"auto, (max-width: 640px) 100vw, 640px\" \/><\/div>\n<div style=\"\"><\/div>\n<div style=\"\"><\/div>\n<div style=\"\"><\/div>\n<div style=\"text-align:center;margin-top:8px;margin-bottom:15px;font-size:16px;line-height:20px;\"><a href=\"https:\/\/www.disfrutalapalma.com\/alojamiento\/hotel-san-telmo\/\" target=\"_blank\" style=\"color:#D79002;text-decoration:underline;font-weight:700;\">Zum Eintrag in unserem Guide<\/a><\/div>\n<div style=\"text-align:right;font-size:10px;font-weight:400;font-style:italic;\">Text: Uwe S. Meschede \u00b7 Fotos: Hotel San Telmo, Uwe S. Meschede<\/div>\n<\/div>\n<div class=\"associated-posts title-full-content\"><\/div>\n","protected":false},"excerpt":{"rendered":"<p>\u00a1Happy Birthday! Vor \u00fcber f\u00fcnf Jahren, in unserer Ausgabe 2-2014, hatten wir \u00fcber die Neuer\u00f6ffnung des Hotels San Telmo im historischen Zentrum von Santa Cruz de La Palma berichtet. Jetzt feiert das von G\u00e4sten \u00fcberaus gut beurteilte Hotel seinen 5. &hellip; <a href=\"https:\/\/www.disfrutalapalma.com\/de\/2019\/10\/hotel-san-telmosanta-cruz-de-la-palma-2\/\">Weiterlesen <span class=\"meta-nav\">&rarr;<\/span><\/a><\/p>\n","protected":false},"author":3004,"featured_media":28308,"comment_status":"closed","ping_status":"closed","sticky":false,"template":"","format":"standard","meta":{"_acf_changed":false,"footnotes":""},"categories":[16],"tags":[],"class_list":["post-28306","post","type-post","status-publish","format-standard","has-post-thumbnail","hentry","category-cat_archiv"],"acf":[],"_links":{"self":[{"href":"https:\/\/www.disfrutalapalma.com\/de\/wp-json\/wp\/v2\/posts\/28306","targetHints":{"allow":["GET"]}}],"collection":[{"href":"https:\/\/www.disfrutalapalma.com\/de\/wp-json\/wp\/v2\/posts"}],"about":[{"href":"https:\/\/www.disfrutalapalma.com\/de\/wp-json\/wp\/v2\/types\/post"}],"author":[{"embeddable":true,"href":"https:\/\/www.disfrutalapalma.com\/de\/wp-json\/wp\/v2\/users\/3004"}],"replies":[{"embeddable":true,"href":"https:\/\/www.disfrutalapalma.com\/de\/wp-json\/wp\/v2\/comments?post=28306"}],"version-history":[{"count":5,"href":"https:\/\/www.disfrutalapalma.com\/de\/wp-json\/wp\/v2\/posts\/28306\/revisions"}],"predecessor-version":[{"id":30757,"href":"https:\/\/www.disfrutalapalma.com\/de\/wp-json\/wp\/v2\/posts\/28306\/revisions\/30757"}],"wp:featuredmedia":[{"embeddable":true,"href":"https:\/\/www.disfrutalapalma.com\/de\/wp-json\/wp\/v2\/media\/28308"}],"wp:attachment":[{"href":"https:\/\/www.disfrutalapalma.com\/de\/wp-json\/wp\/v2\/media?parent=28306"}],"wp:term":[{"taxonomy":"category","embeddable":true,"href":"https:\/\/www.disfrutalapalma.com\/de\/wp-json\/wp\/v2\/categories?post=28306"},{"taxonomy":"post_tag","embeddable":true,"href":"https:\/\/www.disfrutalapalma.com\/de\/wp-json\/wp\/v2\/tags?post=28306"}],"curies":[{"name":"wp","href":"https:\/\/api.w.org\/{rel}","templated":true}]}}