{"id":24444,"date":"2019-06-27T16:32:59","date_gmt":"2019-06-27T15:32:59","guid":{"rendered":"http:\/\/www.disfrutalapalma.com\/?p=24444"},"modified":"2022-06-02T17:33:21","modified_gmt":"2022-06-02T16:33:21","slug":"naturseifen-la-palma-los-llanos","status":"publish","type":"post","link":"https:\/\/www.disfrutalapalma.com\/de\/2019\/06\/naturseifen-la-palma-los-llanos\/","title":{"rendered":"Naturseifen La Palma, Los Llanos"},"content":{"rendered":"<div style=\"font-size:16px;line-height:20px;color:#000;margin-bottom:10px;margin-top:5px;text-align:center;font-family: 'Roboto Condensed', sans-serif; font-weight: 300;color:#000;\">\n<div style=\"\"><img loading=\"lazy\" decoding=\"async\" src=\"http:\/\/www.disfrutalapalma.com\/wp-content\/uploads\/NaturseifenLP_3-2019-1.jpg\" alt=\"\" title=\"NaturseifenLP_3-2019-1\" width=\"640\" height=\"274\" class=\"alignnone size-full wp-image-24150\" srcset=\"https:\/\/www.disfrutalapalma.com\/wp-content\/uploads\/NaturseifenLP_3-2019-1.jpg 640w, https:\/\/www.disfrutalapalma.com\/wp-content\/uploads\/NaturseifenLP_3-2019-1-300x128.jpg 300w, https:\/\/www.disfrutalapalma.com\/wp-content\/uploads\/NaturseifenLP_3-2019-1-100x42.jpg 100w\" sizes=\"auto, (max-width: 640px) 100vw, 640px\" \/><\/div>\n<div style=\"margin-bottom:10px;margin-top:10px;text-align:center;font-family: 'BenchNine', sans-serif;font-size:46px;line-height:46px;\">Die erste und einzige Kunsthandwerkstatt f\u00fcr Naturseifen auf La Palma<\/div>\n<div style=\"margin-bottom:10px;text-align:left;\">Bereits in Heft 4-2018 haben wir ja \u00fcber <i>Daniela<\/i> und ihre genialen palm\u00f6lfreien Naturseifen berichtet. Nun hat die geb\u00fcrtige Berlinerin, die bislang nur auf dem sonnt\u00e4glichen Flohmarkt in Los Llanos-Argual zu finden war, einen gro\u00dfen Schritt gewagt und in Los Llanos (C\/Fern\u00e1ndez Ta\u00f1o, 48) die erste (und einzige!) Kunsthandwerkstatt f\u00fcr Naturseifen auf La Palma er\u00f6ffnet. &#8211; W\u00e4hrend man in der liebevoll gestalteten Ausstellung die in der hauseigenen Werkstatt gefertigten Naturseifen aus inseltypischen Zutaten wie Aloe Vera, Meersalz, Mandel- &#038; Avocado\u00f6l oder Ziegenmilch sogar ausprobieren kann, ber\u00e4t die fachkundige Jungunternehmerin sehr individuell und typgerecht auf Deutsch, Spanisch und Englisch. Erste Kundenstimmen dazu: \u201eWie sympathisch, wie leidenschaftlich &#8211; einfach toll!\u201c &#8211; Derzeit gibt es \u00fcbrigens zu jedem Einkauf in der neuen Seifenwerkstatt ein kleines Er\u00f6ffnungspr\u00e4sent. Sprich: Nix wie hin!<\/div>\n<div style=\"\"><\/div>\n<div style=\"\"><\/div>\n<div style=\"\"><\/div>\n<div style=\"\"><\/div>\n<div style=\"text-align:center;margin-top:8px;margin-bottom:15px;font-size:16px;line-height:20px;\"><a href=\"https:\/\/www.disfrutalapalma.com\/varios\/naturseifen-la-palma\/\" target=\"_blank\" style=\"color:#B60000;text-decoration:underline;font-weight:700;\">Zum Eintrag in unserem Guide<\/a><\/div>\n<div style=\"\"><img loading=\"lazy\" decoding=\"async\" src=\"http:\/\/www.disfrutalapalma.com\/wp-content\/uploads\/NaturseifenLP_3-2019-2.jpg\" alt=\"\" title=\"NaturseifenLP_3-2019-2\" width=\"640\" height=\"289\" class=\"alignnone size-full wp-image-24151\" srcset=\"https:\/\/www.disfrutalapalma.com\/wp-content\/uploads\/NaturseifenLP_3-2019-2.jpg 640w, https:\/\/www.disfrutalapalma.com\/wp-content\/uploads\/NaturseifenLP_3-2019-2-300x135.jpg 300w, https:\/\/www.disfrutalapalma.com\/wp-content\/uploads\/NaturseifenLP_3-2019-2-100x45.jpg 100w\" sizes=\"auto, (max-width: 640px) 100vw, 640px\" \/><\/div>\n<div style=\"text-align:right;font-size:10px;font-weight:400;font-style:italic;\">Text &#038; Fotos: Uwe S. Meschede<\/div>\n<\/div>\n<div class=\"associated-posts title-full-content\"><\/div>\n","protected":false},"excerpt":{"rendered":"<p>Die erste und einzige Kunsthandwerkstatt f\u00fcr Naturseifen auf La Palma Bereits in Heft 4-2018 haben wir ja \u00fcber Daniela und ihre genialen palm\u00f6lfreien Naturseifen berichtet. Nun hat die geb\u00fcrtige Berlinerin, die bislang nur auf dem sonnt\u00e4glichen Flohmarkt in Los Llanos-Argual &hellip; <a href=\"https:\/\/www.disfrutalapalma.com\/de\/2019\/06\/naturseifen-la-palma-los-llanos\/\">Weiterlesen <span class=\"meta-nav\">&rarr;<\/span><\/a><\/p>\n","protected":false},"author":3004,"featured_media":24446,"comment_status":"closed","ping_status":"closed","sticky":false,"template":"","format":"standard","meta":{"_acf_changed":false,"footnotes":""},"categories":[16],"tags":[],"class_list":["post-24444","post","type-post","status-publish","format-standard","has-post-thumbnail","hentry","category-cat_archiv"],"acf":[],"_links":{"self":[{"href":"https:\/\/www.disfrutalapalma.com\/de\/wp-json\/wp\/v2\/posts\/24444","targetHints":{"allow":["GET"]}}],"collection":[{"href":"https:\/\/www.disfrutalapalma.com\/de\/wp-json\/wp\/v2\/posts"}],"about":[{"href":"https:\/\/www.disfrutalapalma.com\/de\/wp-json\/wp\/v2\/types\/post"}],"author":[{"embeddable":true,"href":"https:\/\/www.disfrutalapalma.com\/de\/wp-json\/wp\/v2\/users\/3004"}],"replies":[{"embeddable":true,"href":"https:\/\/www.disfrutalapalma.com\/de\/wp-json\/wp\/v2\/comments?post=24444"}],"version-history":[{"count":14,"href":"https:\/\/www.disfrutalapalma.com\/de\/wp-json\/wp\/v2\/posts\/24444\/revisions"}],"predecessor-version":[{"id":30762,"href":"https:\/\/www.disfrutalapalma.com\/de\/wp-json\/wp\/v2\/posts\/24444\/revisions\/30762"}],"wp:featuredmedia":[{"embeddable":true,"href":"https:\/\/www.disfrutalapalma.com\/de\/wp-json\/wp\/v2\/media\/24446"}],"wp:attachment":[{"href":"https:\/\/www.disfrutalapalma.com\/de\/wp-json\/wp\/v2\/media?parent=24444"}],"wp:term":[{"taxonomy":"category","embeddable":true,"href":"https:\/\/www.disfrutalapalma.com\/de\/wp-json\/wp\/v2\/categories?post=24444"},{"taxonomy":"post_tag","embeddable":true,"href":"https:\/\/www.disfrutalapalma.com\/de\/wp-json\/wp\/v2\/tags?post=24444"}],"curies":[{"name":"wp","href":"https:\/\/api.w.org\/{rel}","templated":true}]}}