{"id":24434,"date":"2019-06-27T16:18:25","date_gmt":"2019-06-27T15:18:25","guid":{"rendered":"http:\/\/www.disfrutalapalma.com\/?p=24434"},"modified":"2022-06-02T17:33:21","modified_gmt":"2022-06-02T16:33:21","slug":"la-ferreter%c3%ada-deco-art-tea-shop-tazacorte","status":"publish","type":"post","link":"https:\/\/www.disfrutalapalma.com\/de\/2019\/06\/la-ferreter%c3%ada-deco-art-tea-shop-tazacorte\/","title":{"rendered":"LA FERRETER\u00cdA Deco &#038; Art Tea Shop, Tazacorte"},"content":{"rendered":"<div style=\"font-size:16px;line-height:20px;color:#000;margin-bottom:10px;margin-top:5px;text-align:center;font-family: 'Roboto Condensed', sans-serif; font-weight: 300;color:#000;\">\n<div style=\"\"><img loading=\"lazy\" decoding=\"async\" src=\"http:\/\/www.disfrutalapalma.com\/wp-content\/uploads\/La_Ferreteria_3-2019-1.jpg\" alt=\"\" title=\"La_Ferreteria_3-2019-1\" width=\"640\" height=\"574\" class=\"alignnone size-full wp-image-24121\" srcset=\"https:\/\/www.disfrutalapalma.com\/wp-content\/uploads\/La_Ferreteria_3-2019-1.jpg 640w, https:\/\/www.disfrutalapalma.com\/wp-content\/uploads\/La_Ferreteria_3-2019-1-300x269.jpg 300w, https:\/\/www.disfrutalapalma.com\/wp-content\/uploads\/La_Ferreteria_3-2019-1-100x89.jpg 100w\" sizes=\"auto, (max-width: 640px) 100vw, 640px\" \/><\/div>\n<div style=\"margin-top:10px;text-align:center;font-family: 'BenchNine', sans-serif;font-size:46px;line-height:48px;\"><span style=\"font-weight:bold;text-transform:uppercase;color:#D2A556;\">P\u00e2tisserie vom Feinsten &#8211; <\/span>auch f\u00fcr zuhause und gr\u00f6\u00dfere Feiern<\/div>\n<div style=\"margin-top:5px;margin-bottom:10px;text-align:left;\">Mittlerweile weithin bekannt ist die LA FERRETER\u00cdA &#8211; Deco &#038; Art Tea Shop im alten Kern von Tazacorte f\u00fcr ausgefallene Dekoartikel sowie als kultiviertes Kaffee- und Teehaus mit tollem Fr\u00fchst\u00fcck, besten hausgemachten Kuchen und sehr gutem Geb\u00e4ck. Interessant: All\u2019 die wunderbaren K\u00f6stlichkeiten der genialen Inhaber Mar\u00eda \u00c1ngeles und Alessandro gibt\u2019s auch zum Mitnehmen f\u00fcr den heimischen Kaffeeklatsch &#8211; vom Kuchen(st\u00fcck) bis zum Keks, vom Bisquit bis zum veganen Brownie. Auf Vorbestellung sind sogar alle m\u00f6glichen Gr\u00f6\u00dfen, Geschmacksrichtungen und Dekos m\u00f6glich &#8211; z.B. f\u00fcr gr\u00f6\u00dfere Feiern und Feste, die \u00fcbrigens auch direkt in den R\u00e4umen der sch\u00f6nen La Ferreter\u00eda stattfinden k\u00f6nnen. Sprich: Geradezu himmlische Optionen f\u00fcr die n\u00e4chste Party!<\/div>\n<div style=\"\"><\/div>\n<div style=\"\"><\/div>\n<div style=\"\"><\/div>\n<div style=\"\"><\/div>\n<div style=\"text-align:center;margin-top:8px;margin-bottom:15px;font-size:16px;line-height:20px;\"><a href=\"https:\/\/www.disfrutalapalma.com\/guia\/la-ferreteria\/\" target=\"_blank\" style=\"color:#B60000;text-decoration:underline;font-weight:700;\">Zum Eintrag in unserem Guide<\/a><\/div>\n<div style=\"text-align:right;font-size:10px;font-weight:400;font-style:italic;\">Text &#038; Foto: Uwe S. Meschede<\/div>\n<\/div>\n<div style=\"text-align: center; font-size: 10px; border-top:dotted; border-top-width: thin; margin-bottom: 15px; padding: 0px; padding-top: 10px;\">Werbung<a href=\"http:\/\/www.rolf-benker.com\" target=\"_blank\"><img loading=\"lazy\" decoding=\"async\" src=\"http:\/\/www.disfrutalapalma.com\/wp-content\/uploads\/Benker-banner_4-2015_D.jpg\" alt=\"\" title=\"Benker-banner_4-2015_D\" width=\"640\" height=\"100\" class=\"alignnone size-full wp-image-16979\" srcset=\"https:\/\/www.disfrutalapalma.com\/wp-content\/uploads\/Benker-banner_4-2015_D.jpg 640w, https:\/\/www.disfrutalapalma.com\/wp-content\/uploads\/Benker-banner_4-2015_D-300x46.jpg 300w, https:\/\/www.disfrutalapalma.com\/wp-content\/uploads\/Benker-banner_4-2015_D-100x15.jpg 100w\" sizes=\"auto, (max-width: 640px) 100vw, 640px\" \/><\/a><\/div>\n<div class=\"associated-posts title-full-content\"><\/div>\n","protected":false},"excerpt":{"rendered":"<p>P\u00e2tisserie vom Feinsten &#8211; auch f\u00fcr zuhause und gr\u00f6\u00dfere Feiern Mittlerweile weithin bekannt ist die LA FERRETER\u00cdA &#8211; Deco &#038; Art Tea Shop im alten Kern von Tazacorte f\u00fcr ausgefallene Dekoartikel sowie als kultiviertes Kaffee- und Teehaus mit tollem Fr\u00fchst\u00fcck, &hellip; <a href=\"https:\/\/www.disfrutalapalma.com\/de\/2019\/06\/la-ferreter%c3%ada-deco-art-tea-shop-tazacorte\/\">Weiterlesen <span class=\"meta-nav\">&rarr;<\/span><\/a><\/p>\n","protected":false},"author":3004,"featured_media":24436,"comment_status":"closed","ping_status":"closed","sticky":false,"template":"","format":"standard","meta":{"_acf_changed":false,"footnotes":""},"categories":[16],"tags":[],"class_list":["post-24434","post","type-post","status-publish","format-standard","has-post-thumbnail","hentry","category-cat_archiv"],"acf":[],"_links":{"self":[{"href":"https:\/\/www.disfrutalapalma.com\/de\/wp-json\/wp\/v2\/posts\/24434","targetHints":{"allow":["GET"]}}],"collection":[{"href":"https:\/\/www.disfrutalapalma.com\/de\/wp-json\/wp\/v2\/posts"}],"about":[{"href":"https:\/\/www.disfrutalapalma.com\/de\/wp-json\/wp\/v2\/types\/post"}],"author":[{"embeddable":true,"href":"https:\/\/www.disfrutalapalma.com\/de\/wp-json\/wp\/v2\/users\/3004"}],"replies":[{"embeddable":true,"href":"https:\/\/www.disfrutalapalma.com\/de\/wp-json\/wp\/v2\/comments?post=24434"}],"version-history":[{"count":14,"href":"https:\/\/www.disfrutalapalma.com\/de\/wp-json\/wp\/v2\/posts\/24434\/revisions"}],"predecessor-version":[{"id":30760,"href":"https:\/\/www.disfrutalapalma.com\/de\/wp-json\/wp\/v2\/posts\/24434\/revisions\/30760"}],"wp:featuredmedia":[{"embeddable":true,"href":"https:\/\/www.disfrutalapalma.com\/de\/wp-json\/wp\/v2\/media\/24436"}],"wp:attachment":[{"href":"https:\/\/www.disfrutalapalma.com\/de\/wp-json\/wp\/v2\/media?parent=24434"}],"wp:term":[{"taxonomy":"category","embeddable":true,"href":"https:\/\/www.disfrutalapalma.com\/de\/wp-json\/wp\/v2\/categories?post=24434"},{"taxonomy":"post_tag","embeddable":true,"href":"https:\/\/www.disfrutalapalma.com\/de\/wp-json\/wp\/v2\/tags?post=24434"}],"curies":[{"name":"wp","href":"https:\/\/api.w.org\/{rel}","templated":true}]}}