{"id":22953,"date":"2018-10-10T11:49:00","date_gmt":"2018-10-10T10:49:00","guid":{"rendered":"http:\/\/www.disfrutalapalma.com\/?p=22953"},"modified":"2022-06-02T17:33:35","modified_gmt":"2022-06-02T16:33:35","slug":"nueva-vida-los-llanos-de-aridane-3","status":"publish","type":"post","link":"https:\/\/www.disfrutalapalma.com\/de\/2018\/10\/nueva-vida-los-llanos-de-aridane-3\/","title":{"rendered":"Nueva Vida &#8211; Los Llanos de Aridane"},"content":{"rendered":"<div style=\"margin-bottom:10px;margin-top:5px;text-align:center;font-family: 'Roboto Condensed', sans-serif; font-weight: 300;color:#000;\">\n<div style=\"margin-top:5px;margin-bottom:10px;\"><img loading=\"lazy\" decoding=\"async\" src=\"http:\/\/www.disfrutalapalma.com\/wp-content\/uploads\/Nueva_Vida_4-20187-1.jpg\" alt=\"\" title=\"Nueva_Vida_4-20187-1\" width=\"640\" height=\"127\" class=\"alignnone size-full wp-image-22641\" srcset=\"https:\/\/www.disfrutalapalma.com\/wp-content\/uploads\/Nueva_Vida_4-20187-1.jpg 640w, https:\/\/www.disfrutalapalma.com\/wp-content\/uploads\/Nueva_Vida_4-20187-1-300x59.jpg 300w, https:\/\/www.disfrutalapalma.com\/wp-content\/uploads\/Nueva_Vida_4-20187-1-100x19.jpg 100w\" sizes=\"auto, (max-width: 640px) 100vw, 640px\" \/><\/div>\n<div style=\"font-size:18px;line-height:18px;font-weight: 400;margin-bottom:5px;text-decoration:underline;\">Nueva Vida &#8211; Los Llanos de Aridane<\/div>\n<div style=\"margin-bottom:5px;font-size:33px;line-height:33px;\">Herbst-Winter 2018:<span style=\"font-weight:400;\"><br \/>Alles andere als trist und grau!<\/span><\/div>\n<div style=\"text-align:left;font-size:16px;line-height:20px;\"><span style=\"font-weight:400;\">Leider dauert der Sommer nicht ewig.<\/span> Aber kein Grund zu trauern: Dieser Herbst-Winter wird so fr\u00f6hlich wie schon lange nicht! Bei <span style=\"font-weight:400;\">Nueva Vida<\/span> in dem sch\u00f6nen alten Stadthaus im historischen Zentrum von Los Llanos ist gerade die neue Green-Fashion-Kollektion aus Eco-Wohlf\u00fchl-Materialien in allerbester Qualit\u00e4t eingetroffen: mit vielen tollen Looks und Dessins, in den brandaktuellen Gute-Laune-Farben, in allen Gr\u00f6\u00dfen und sowohl f\u00fcr sie als auch f\u00fcr ihn. So bequem, behaglich und leicht, dass man den Komfort hautnah sp\u00fcrt, so beschwingt wie der junge Sommer &#8230; auch wenn es drau\u00dfen schon Herbst oder gar Winter ist. &#8211; Sie sollten sich die neue Kollektion unbedingt ansehen!<\/div>\n<div style=\"text-align:center;margin-top:8px;font-size:16px;line-height:20px;\"><a href=\"https:\/\/www.disfrutalapalma.com\/varios\/nueva-vida\/\" target=\"_blank\" style=\"text-decoration:underline;font-weight:700;\">Zum Eintrag in unserem Guide<\/a><\/div>\n<div style=\"text-align:right;font-style:italic;font-size:10px;font-weight: 400;\">Text &#038; Fotos: Uwe S. Meschede<\/div>\n<\/div>\n<div class=\"associated-posts title-full-content\"><\/div>\n","protected":false},"excerpt":{"rendered":"<p>Nueva Vida &#8211; Los Llanos de Aridane Herbst-Winter 2018:Alles andere als trist und grau! Leider dauert der Sommer nicht ewig. Aber kein Grund zu trauern: Dieser Herbst-Winter wird so fr\u00f6hlich wie schon lange nicht! Bei Nueva Vida in dem sch\u00f6nen &hellip; <a href=\"https:\/\/www.disfrutalapalma.com\/de\/2018\/10\/nueva-vida-los-llanos-de-aridane-3\/\">Weiterlesen <span class=\"meta-nav\">&rarr;<\/span><\/a><\/p>\n","protected":false},"author":3004,"featured_media":22955,"comment_status":"closed","ping_status":"closed","sticky":false,"template":"","format":"standard","meta":{"_acf_changed":false,"footnotes":""},"categories":[16],"tags":[],"class_list":["post-22953","post","type-post","status-publish","format-standard","has-post-thumbnail","hentry","category-cat_archiv"],"acf":[],"_links":{"self":[{"href":"https:\/\/www.disfrutalapalma.com\/de\/wp-json\/wp\/v2\/posts\/22953","targetHints":{"allow":["GET"]}}],"collection":[{"href":"https:\/\/www.disfrutalapalma.com\/de\/wp-json\/wp\/v2\/posts"}],"about":[{"href":"https:\/\/www.disfrutalapalma.com\/de\/wp-json\/wp\/v2\/types\/post"}],"author":[{"embeddable":true,"href":"https:\/\/www.disfrutalapalma.com\/de\/wp-json\/wp\/v2\/users\/3004"}],"replies":[{"embeddable":true,"href":"https:\/\/www.disfrutalapalma.com\/de\/wp-json\/wp\/v2\/comments?post=22953"}],"version-history":[{"count":3,"href":"https:\/\/www.disfrutalapalma.com\/de\/wp-json\/wp\/v2\/posts\/22953\/revisions"}],"predecessor-version":[{"id":30833,"href":"https:\/\/www.disfrutalapalma.com\/de\/wp-json\/wp\/v2\/posts\/22953\/revisions\/30833"}],"wp:featuredmedia":[{"embeddable":true,"href":"https:\/\/www.disfrutalapalma.com\/de\/wp-json\/wp\/v2\/media\/22955"}],"wp:attachment":[{"href":"https:\/\/www.disfrutalapalma.com\/de\/wp-json\/wp\/v2\/media?parent=22953"}],"wp:term":[{"taxonomy":"category","embeddable":true,"href":"https:\/\/www.disfrutalapalma.com\/de\/wp-json\/wp\/v2\/categories?post=22953"},{"taxonomy":"post_tag","embeddable":true,"href":"https:\/\/www.disfrutalapalma.com\/de\/wp-json\/wp\/v2\/tags?post=22953"}],"curies":[{"name":"wp","href":"https:\/\/api.w.org\/{rel}","templated":true}]}}