{"id":22018,"date":"2018-04-01T13:55:41","date_gmt":"2018-04-01T12:55:41","guid":{"rendered":"http:\/\/www.disfrutalapalma.com\/?p=22018"},"modified":"2022-06-02T17:33:26","modified_gmt":"2022-06-02T16:33:26","slug":"restaurant-arepera-el-rinconcito-la-laguna","status":"publish","type":"post","link":"https:\/\/www.disfrutalapalma.com\/de\/2018\/04\/restaurant-arepera-el-rinconcito-la-laguna\/","title":{"rendered":"Restaurant-Arepera El Rinconcito \/ La Laguna"},"content":{"rendered":"<div style=\"margin-bottom:10px;margin-top:5px;font-family: 'Open Sans Condensed', sans-serif; font-weight: 500;\">\n<div style=\"\"><img loading=\"lazy\" decoding=\"async\" src=\"http:\/\/www.disfrutalapalma.com\/wp-content\/uploads\/Rinconcito_2-18-1.jpg\" alt=\"\" title=\"Rinconcito_2-18-1\" width=\"640\" height=\"577\" class=\"alignnone size-full wp-image-22002\" srcset=\"https:\/\/www.disfrutalapalma.com\/wp-content\/uploads\/Rinconcito_2-18-1.jpg 640w, https:\/\/www.disfrutalapalma.com\/wp-content\/uploads\/Rinconcito_2-18-1-300x270.jpg 300w, https:\/\/www.disfrutalapalma.com\/wp-content\/uploads\/Rinconcito_2-18-1-100x90.jpg 100w\" sizes=\"auto, (max-width: 640px) 100vw, 640px\" \/><\/div>\n<div style=\"text-align:center;padding-top:10px;padding-bottom:15px;font-size:48px;line-height:48px;\">Einfach lecker.<br \/>Vielseitigkeit inklusive.<\/div>\n<div style=\"\"><img loading=\"lazy\" decoding=\"async\" src=\"http:\/\/www.disfrutalapalma.com\/wp-content\/uploads\/Rinconcito_2-18-2.jpg\" alt=\"\" title=\"Rinconcito_2-18-2\" width=\"640\" height=\"576\" class=\"alignnone size-full wp-image-22003\" srcset=\"https:\/\/www.disfrutalapalma.com\/wp-content\/uploads\/Rinconcito_2-18-2.jpg 640w, https:\/\/www.disfrutalapalma.com\/wp-content\/uploads\/Rinconcito_2-18-2-300x270.jpg 300w, https:\/\/www.disfrutalapalma.com\/wp-content\/uploads\/Rinconcito_2-18-2-100x90.jpg 100w\" sizes=\"auto, (max-width: 640px) 100vw, 640px\" \/><\/div>\n<div style=\"margin-bottom:20px;font-size:12px;line-height:14px;font-style:italic;\">Foto 1: Palmerisches Entrec\u00f4te vom Kalb mit gebratenen Paprikas und Pommes Frites. Foto 2: Gerollter Weizenfladen mit Fleischf\u00fcllung.<br \/>Foto 3: Gebackener Camembert mit Preiselbeerso\u00dfe. Foto 4: K\u00e4sek\u00fcchlein mit Vanilleeis.<\/div>\n<div style=\"font-size:16px;line-height:24px;\">Bislang haben wir in unseren Artikeln \u00fcber das seit 1986 existierende Arepera-Restaurant <i>El Rinconcito<\/i> in La Laguna (direkt an der Hauptstra\u00dfe von Los Llanos nach Puerto Naos) beinahe ausschlie\u00dflich \u00fcber dessen vortreffliche mexikanische und venezolanische K\u00fcche berichtet &#8211; schlie\u00dflich befinden wir uns auf einer von der lateinamerikanischen Kultur enorm beeinflussten Insel. Dass die Karte des beliebten Lokals aber auch eine ganze Reihe an k\u00f6stlichen internationalen Vor-, Haupt- und Nachspeisen zu bieten hat, ist bisher jedoch leider viel zu kurz gekommen. Dabei ist es eben genau die Vielseitigkeit der K\u00fcche, die uns hier immer wieder begeistert. Insofern: Auch wenn\u2019s mal nicht Lateinamerikanisch sein soll und Sie mehr Lust auf frische, internationale K\u00fcche haben, k\u00f6nnen wir Ihnen das <i>El Rinconcito<\/i> w\u00e4rmstens ans Herz legen. &#8211; \u00dcbrigens: In der jetzt beginnenden warmen Jahreszeit sollten Sie unbedingt die wirklich h\u00fcbsche Terrasse mit Blick \u00fcber Los Llanos auf die Berge nutzen!<\/div>\n<div style=\"margin-bottom:10px;font-weight:700;text-align:center;margin-top:8px;font-size:16px;line-height:16px;\"><a href=\"https:\/\/www.disfrutalapalma.com\/guia\/restaurante-arepera-el-rinconcito\/\" target=\"_blank\" style=\"text-decoration:underline;\">Zum Eintrag in unserem Guide<\/a><\/div>\n<div style=\"margin-bottom:15px;text-align:center;font-weight:700;line-height:10px;\"><a href=\"http:\/\/module.lafourchette.com\/es_ES\/module\/44397-ce482\" target=\"_blank\"><img loading=\"lazy\" decoding=\"async\" src=\"http:\/\/www.disfrutalapalma.com\/wp-content\/uploads\/reservierungsbutton125-40.png\" alt=\"Bot\u00f3n de reservas\" title=\"reservierungsbutton125-40\" width=\"41\" height=\"40\" class=\"alignnone size-full wp-image-14079\"\/><br \/>Zur Direktreservierung<\/a><\/div>\n<div style=\"\"><img loading=\"lazy\" decoding=\"async\" src=\"http:\/\/www.disfrutalapalma.com\/wp-content\/uploads\/Rinconcito_2-2018-3.jpg\" alt=\"\" title=\"Rinconcito_2-2018-3\" width=\"640\" height=\"234\" class=\"alignnone size-full wp-image-22004\" srcset=\"https:\/\/www.disfrutalapalma.com\/wp-content\/uploads\/Rinconcito_2-2018-3.jpg 640w, https:\/\/www.disfrutalapalma.com\/wp-content\/uploads\/Rinconcito_2-2018-3-300x109.jpg 300w, https:\/\/www.disfrutalapalma.com\/wp-content\/uploads\/Rinconcito_2-2018-3-100x36.jpg 100w\" sizes=\"auto, (max-width: 640px) 100vw, 640px\" \/><\/div>\n<div style=\"margin-top:0px;margin-bottom:0px;font-size:12px;line-height:14px;font-style:italic;text-align:right;\">Fotos &#038; Text: Uwe S. Meschede<\/div>\n<\/div>\n<div class=\"associated-posts title-full-content\"><\/div>\n","protected":false},"excerpt":{"rendered":"<p>Einfach lecker.Vielseitigkeit inklusive. Foto 1: Palmerisches Entrec\u00f4te vom Kalb mit gebratenen Paprikas und Pommes Frites. Foto 2: Gerollter Weizenfladen mit Fleischf\u00fcllung.Foto 3: Gebackener Camembert mit Preiselbeerso\u00dfe. Foto 4: K\u00e4sek\u00fcchlein mit Vanilleeis. Bislang haben wir in unseren Artikeln \u00fcber das seit &hellip; <a href=\"https:\/\/www.disfrutalapalma.com\/de\/2018\/04\/restaurant-arepera-el-rinconcito-la-laguna\/\">Weiterlesen <span class=\"meta-nav\">&rarr;<\/span><\/a><\/p>\n","protected":false},"author":3004,"featured_media":22020,"comment_status":"closed","ping_status":"closed","sticky":false,"template":"","format":"standard","meta":{"_acf_changed":false,"footnotes":""},"categories":[16],"tags":[],"class_list":["post-22018","post","type-post","status-publish","format-standard","has-post-thumbnail","hentry","category-cat_archiv"],"acf":[],"_links":{"self":[{"href":"https:\/\/www.disfrutalapalma.com\/de\/wp-json\/wp\/v2\/posts\/22018","targetHints":{"allow":["GET"]}}],"collection":[{"href":"https:\/\/www.disfrutalapalma.com\/de\/wp-json\/wp\/v2\/posts"}],"about":[{"href":"https:\/\/www.disfrutalapalma.com\/de\/wp-json\/wp\/v2\/types\/post"}],"author":[{"embeddable":true,"href":"https:\/\/www.disfrutalapalma.com\/de\/wp-json\/wp\/v2\/users\/3004"}],"replies":[{"embeddable":true,"href":"https:\/\/www.disfrutalapalma.com\/de\/wp-json\/wp\/v2\/comments?post=22018"}],"version-history":[{"count":14,"href":"https:\/\/www.disfrutalapalma.com\/de\/wp-json\/wp\/v2\/posts\/22018\/revisions"}],"predecessor-version":[{"id":30785,"href":"https:\/\/www.disfrutalapalma.com\/de\/wp-json\/wp\/v2\/posts\/22018\/revisions\/30785"}],"wp:featuredmedia":[{"embeddable":true,"href":"https:\/\/www.disfrutalapalma.com\/de\/wp-json\/wp\/v2\/media\/22020"}],"wp:attachment":[{"href":"https:\/\/www.disfrutalapalma.com\/de\/wp-json\/wp\/v2\/media?parent=22018"}],"wp:term":[{"taxonomy":"category","embeddable":true,"href":"https:\/\/www.disfrutalapalma.com\/de\/wp-json\/wp\/v2\/categories?post=22018"},{"taxonomy":"post_tag","embeddable":true,"href":"https:\/\/www.disfrutalapalma.com\/de\/wp-json\/wp\/v2\/tags?post=22018"}],"curies":[{"name":"wp","href":"https:\/\/api.w.org\/{rel}","templated":true}]}}