{"id":21707,"date":"2017-12-29T10:08:27","date_gmt":"2017-12-29T09:08:27","guid":{"rendered":"http:\/\/www.disfrutalapalma.com\/?p=21707"},"modified":"2019-10-05T15:33:42","modified_gmt":"2019-10-05T14:33:42","slug":"naturkost-el-campo-el-paso","status":"publish","type":"post","link":"https:\/\/www.disfrutalapalma.com\/de\/2017\/12\/naturkost-el-campo-el-paso\/","title":{"rendered":"Naturkost El Campo &#8211; El Paso"},"content":{"rendered":"<div style=\"margin-top:5px;margin-bottom:10px;\">\n<div><img loading=\"lazy\" decoding=\"async\" src=\"http:\/\/www.disfrutalapalma.com\/wp-content\/uploads\/ElCampo_1-2018.jpg\" alt=\"\" title=\"ElCampo_1-2018\" width=\"640\" height=\"477\" class=\"alignnone size-full wp-image-21456\" srcset=\"https:\/\/www.disfrutalapalma.com\/wp-content\/uploads\/ElCampo_1-2018.jpg 640w, https:\/\/www.disfrutalapalma.com\/wp-content\/uploads\/ElCampo_1-2018-300x223.jpg 300w, https:\/\/www.disfrutalapalma.com\/wp-content\/uploads\/ElCampo_1-2018-100x74.jpg 100w\" sizes=\"auto, (max-width: 640px) 100vw, 640px\" \/><\/div>\n<div style=\"font-size:30px;line-height:30px;\">Schrittweiser Generationswechsel<br \/>zum 30-j\u00e4hrigen Jubil\u00e4um!<\/div>\n<div>Seit genau 30 Jahren versorgt Brigitte Uebersch\u00e4r vom Bioladen El Campo in El Paso (an der Hauptstra\u00dfe) die Liebhaber von Natur- und Biokost nun schon mit ihrem gro\u00dfen Sortiment und allem, was deren Herz begehrt: Brot und Geb\u00e4ck (auch Dinkel und vegan), Obst und Gem\u00fcse, frische Milchprodukte (u.a. auch Schlagsahne, Quark, Buttermilch, Sauerrahm), palmerische Produkte (z.B. Honig, Mandelmus, Bio-Wein, Ziegenk\u00e4se), vegetarische Bio-Fertigkost (z.B. Burger, Falafel, Tofu) und vieles mehr. Zu diesem gro\u00dfen runden Jubil\u00e4um m\u00f6chte die langj\u00e4hrige Naturkostspezialistin nun langsam etwas k\u00fcrzertreten &#8230; und hat mit ihrem symphatischen Sohn Manolo auch gleich den Richtigen, der in ihre Fu\u00dfstapfen tritt und seinen aufgeschlossenen Charme mit einbringt.<br \/>\nHerzlichen Gl\u00fcckwunsch und: Wir freuen uns auf die n\u00e4chsten 30 Jahre! Weitere Infos: <a href=\"http:\/\/www.bioladenlapalma.com\" target=\"_blank\">www.bioladenlapalma.com<\/a> und Facebook (Bioladen El Campo).<\/div>\n<div style=\"text-align:right;font-size:10px;font-style:italic;\">\u00a9 Foto &#038; Text: Uwe S. Meschede (2017)<\/div>\n<\/div>\n<div style=\"text-align: center; font-size: 10px; border-top:dotted; border-top-width: thin; margin-bottom: 15px; padding: 0px; padding-top: 10px;\">Werbung<a href=\"http:\/\/www.rolf-benker.com\" target=\"_blank\"><img loading=\"lazy\" decoding=\"async\" src=\"http:\/\/www.disfrutalapalma.com\/wp-content\/uploads\/Benker-banner_4-2015_D.jpg\" alt=\"\" title=\"Benker-banner_4-2015_D\" width=\"640\" height=\"100\" class=\"alignnone size-full wp-image-16979\" srcset=\"https:\/\/www.disfrutalapalma.com\/wp-content\/uploads\/Benker-banner_4-2015_D.jpg 640w, https:\/\/www.disfrutalapalma.com\/wp-content\/uploads\/Benker-banner_4-2015_D-300x46.jpg 300w, https:\/\/www.disfrutalapalma.com\/wp-content\/uploads\/Benker-banner_4-2015_D-100x15.jpg 100w\" sizes=\"auto, (max-width: 640px) 100vw, 640px\" \/><\/a><\/div>\n<div class=\"associated-posts title-full-content\"><\/div>\n","protected":false},"excerpt":{"rendered":"<p>Schrittweiser Generationswechselzum 30-j\u00e4hrigen Jubil\u00e4um! Seit genau 30 Jahren versorgt Brigitte Uebersch\u00e4r vom Bioladen El Campo in El Paso (an der Hauptstra\u00dfe) die Liebhaber von Natur- und Biokost nun schon mit ihrem gro\u00dfen Sortiment und allem, was deren Herz begehrt: Brot &hellip; <a href=\"https:\/\/www.disfrutalapalma.com\/de\/2017\/12\/naturkost-el-campo-el-paso\/\">Weiterlesen <span class=\"meta-nav\">&rarr;<\/span><\/a><\/p>\n","protected":false},"author":3004,"featured_media":21710,"comment_status":"closed","ping_status":"closed","sticky":false,"template":"","format":"standard","meta":{"_acf_changed":false,"footnotes":""},"categories":[16],"tags":[],"class_list":["post-21707","post","type-post","status-publish","format-standard","has-post-thumbnail","hentry","category-cat_archiv"],"acf":[],"_links":{"self":[{"href":"https:\/\/www.disfrutalapalma.com\/de\/wp-json\/wp\/v2\/posts\/21707","targetHints":{"allow":["GET"]}}],"collection":[{"href":"https:\/\/www.disfrutalapalma.com\/de\/wp-json\/wp\/v2\/posts"}],"about":[{"href":"https:\/\/www.disfrutalapalma.com\/de\/wp-json\/wp\/v2\/types\/post"}],"author":[{"embeddable":true,"href":"https:\/\/www.disfrutalapalma.com\/de\/wp-json\/wp\/v2\/users\/3004"}],"replies":[{"embeddable":true,"href":"https:\/\/www.disfrutalapalma.com\/de\/wp-json\/wp\/v2\/comments?post=21707"}],"version-history":[{"count":7,"href":"https:\/\/www.disfrutalapalma.com\/de\/wp-json\/wp\/v2\/posts\/21707\/revisions"}],"predecessor-version":[{"id":27870,"href":"https:\/\/www.disfrutalapalma.com\/de\/wp-json\/wp\/v2\/posts\/21707\/revisions\/27870"}],"wp:featuredmedia":[{"embeddable":true,"href":"https:\/\/www.disfrutalapalma.com\/de\/wp-json\/wp\/v2\/media\/21710"}],"wp:attachment":[{"href":"https:\/\/www.disfrutalapalma.com\/de\/wp-json\/wp\/v2\/media?parent=21707"}],"wp:term":[{"taxonomy":"category","embeddable":true,"href":"https:\/\/www.disfrutalapalma.com\/de\/wp-json\/wp\/v2\/categories?post=21707"},{"taxonomy":"post_tag","embeddable":true,"href":"https:\/\/www.disfrutalapalma.com\/de\/wp-json\/wp\/v2\/tags?post=21707"}],"curies":[{"name":"wp","href":"https:\/\/api.w.org\/{rel}","templated":true}]}}