{"id":19718,"date":"2016-12-29T16:03:15","date_gmt":"2016-12-29T15:03:15","guid":{"rendered":"http:\/\/www.disfrutalapalma.com\/?p=19718"},"modified":"2019-10-05T16:27:47","modified_gmt":"2019-10-05T15:27:47","slug":"das-la-marmota-legt-kulinarisch-einen-zahn-zu","status":"publish","type":"post","link":"https:\/\/www.disfrutalapalma.com\/de\/2016\/12\/das-la-marmota-legt-kulinarisch-einen-zahn-zu\/","title":{"rendered":"Das La Marmota legt kulinarisch einen Zahn zu!"},"content":{"rendered":"<div style=\"margin-top:5px;margin-bottom:10px;\">\n<div style=\"\"><img loading=\"lazy\" decoding=\"async\" src=\"http:\/\/www.disfrutalapalma.com\/wp-content\/uploads\/Marmota1_1-2017.jpg\" alt=\"\" title=\"Marmota1_1-2017\" width=\"640\" height=\"365\" class=\"alignnone size-full wp-image-19116\" srcset=\"https:\/\/www.disfrutalapalma.com\/wp-content\/uploads\/Marmota1_1-2017.jpg 640w, https:\/\/www.disfrutalapalma.com\/wp-content\/uploads\/Marmota1_1-2017-300x171.jpg 300w, https:\/\/www.disfrutalapalma.com\/wp-content\/uploads\/Marmota1_1-2017-100x57.jpg 100w\" sizes=\"auto, (max-width: 640px) 100vw, 640px\" \/><\/div>\n<div style=\"margin-bottom:5px;\">Seitdem <i>Natalia<\/i> und <i>Yele<\/i> vor rund eineinhalb Jahren das <i>La Marmota<\/i> auf der Promenade in Tazacorte \u00fcbernommen haben, gibt es kaum eine \u00a1DISFRUTA!-Ausgabe, in der es nichts Neues \u00fcber das fantastische Sonnenuntergangslokal mit der genialen Aussicht zu berichten gibt. Die M\u00e4dels legen sich m\u00e4chtig f\u00fcr Ihre Kunden ins Zeug und lassen sich immer wieder etwas Besonderes einfallen, um ihre G\u00e4ste &#8211; gleicherma\u00dfen Palmeros, Residente und Touristen &#8211; zu verw\u00f6hnen. Nachdem die engagierten Gastronominnen erst im Sommer ihre Terrasse und ihr Team vergr\u00f6\u00dfert hatten und damit noch mehr Sonnenhungrigen die M\u00f6glichkeit bieten, die w\u00e4rmenden Sonnenstrahlen Tazacortes und einen der sch\u00f6nsten Sonnenunterg\u00e4nge des Aridanetals zu genie\u00dfen &#8211; wir berichteten -, haben die leidenschaftlichen Marmota-K\u00f6chinnen nun noch einmal die Karte verbessert und neue Tapas hinzugef\u00fcgt. &#8211; Wir durften nach dem Fotografieren wieder probieren: Super lecker, eben typisch <i>La Marmota<\/i>!<\/div>\n<div style=\"text-align:center;margin-bottom:10px;\"><a href=\"https:\/\/www.disfrutalapalma.com\/guia\/la-marmota-2-2\/\" target=\"_blank\">Zum Eintrag in unserem Gastro-Guide &#8230;<\/a><\/div>\n<div style=\"margin-bottom:0px;\"><img loading=\"lazy\" decoding=\"async\" src=\"http:\/\/www.disfrutalapalma.com\/wp-content\/uploads\/Marmota2_1-2017.jpg\" alt=\"\" title=\"Marmota2_1-2017\" width=\"640\" height=\"155\" class=\"alignnone size-full wp-image-19117\" srcset=\"https:\/\/www.disfrutalapalma.com\/wp-content\/uploads\/Marmota2_1-2017.jpg 640w, https:\/\/www.disfrutalapalma.com\/wp-content\/uploads\/Marmota2_1-2017-300x72.jpg 300w, https:\/\/www.disfrutalapalma.com\/wp-content\/uploads\/Marmota2_1-2017-100x24.jpg 100w\" sizes=\"auto, (max-width: 640px) 100vw, 640px\" \/><\/div>\n<div style=\"text-align:right;font-size:10px;font-style:italic;\">Fotos &#038; Text: Uwe S. Meschede<\/div>\n<\/div>\n<div class=\"associated-posts title-full-content\"><\/div>\n","protected":false},"excerpt":{"rendered":"<p>Seitdem Natalia und Yele vor rund eineinhalb Jahren das La Marmota auf der Promenade in Tazacorte \u00fcbernommen haben, gibt es kaum eine \u00a1DISFRUTA!-Ausgabe, in der es nichts Neues \u00fcber das fantastische Sonnenuntergangslokal mit der genialen Aussicht zu berichten gibt. Die &hellip; <a href=\"https:\/\/www.disfrutalapalma.com\/de\/2016\/12\/das-la-marmota-legt-kulinarisch-einen-zahn-zu\/\">Weiterlesen <span class=\"meta-nav\">&rarr;<\/span><\/a><\/p>\n","protected":false},"author":3004,"featured_media":19720,"comment_status":"closed","ping_status":"closed","sticky":false,"template":"","format":"standard","meta":{"_acf_changed":false,"footnotes":""},"categories":[16],"tags":[],"class_list":["post-19718","post","type-post","status-publish","format-standard","has-post-thumbnail","hentry","category-cat_archiv"],"acf":[],"_links":{"self":[{"href":"https:\/\/www.disfrutalapalma.com\/de\/wp-json\/wp\/v2\/posts\/19718","targetHints":{"allow":["GET"]}}],"collection":[{"href":"https:\/\/www.disfrutalapalma.com\/de\/wp-json\/wp\/v2\/posts"}],"about":[{"href":"https:\/\/www.disfrutalapalma.com\/de\/wp-json\/wp\/v2\/types\/post"}],"author":[{"embeddable":true,"href":"https:\/\/www.disfrutalapalma.com\/de\/wp-json\/wp\/v2\/users\/3004"}],"replies":[{"embeddable":true,"href":"https:\/\/www.disfrutalapalma.com\/de\/wp-json\/wp\/v2\/comments?post=19718"}],"version-history":[{"count":13,"href":"https:\/\/www.disfrutalapalma.com\/de\/wp-json\/wp\/v2\/posts\/19718\/revisions"}],"predecessor-version":[{"id":28470,"href":"https:\/\/www.disfrutalapalma.com\/de\/wp-json\/wp\/v2\/posts\/19718\/revisions\/28470"}],"wp:featuredmedia":[{"embeddable":true,"href":"https:\/\/www.disfrutalapalma.com\/de\/wp-json\/wp\/v2\/media\/19720"}],"wp:attachment":[{"href":"https:\/\/www.disfrutalapalma.com\/de\/wp-json\/wp\/v2\/media?parent=19718"}],"wp:term":[{"taxonomy":"category","embeddable":true,"href":"https:\/\/www.disfrutalapalma.com\/de\/wp-json\/wp\/v2\/categories?post=19718"},{"taxonomy":"post_tag","embeddable":true,"href":"https:\/\/www.disfrutalapalma.com\/de\/wp-json\/wp\/v2\/tags?post=19718"}],"curies":[{"name":"wp","href":"https:\/\/api.w.org\/{rel}","templated":true}]}}