{"id":18164,"date":"2016-03-31T14:12:56","date_gmt":"2016-03-31T13:12:56","guid":{"rendered":"http:\/\/www.disfrutalapalma.com\/?p=18164"},"modified":"2016-03-31T14:30:26","modified_gmt":"2016-03-31T13:30:26","slug":"das-interview","status":"publish","type":"post","link":"https:\/\/www.disfrutalapalma.com\/de\/2016\/03\/das-interview\/","title":{"rendered":"Das Interview"},"content":{"rendered":"<div style=\"margin-top:5px;\">\n<div style=\"margin-bottom:-5px;text-align:right;font-family: 'Open Sans Condensed', sans-serif; font-weight: 300;font-size:20px;line-height:20px;margin-right:11px;letter-spacing:0.1em;\">Uwe S. Meschede &#038; Mar\u00eda del Mar Bogar\u00edn<\/div>\n<div style=\"margin-bottom:30px;font-family: 'Playfair Display SC', serif;font-weight:400;font-size:85px;line-height:50px;letter-spacing:-0.03em;\"><span style=\"font-size:110px;color:#AC0600;letter-spacing:-0.02em;\">DAS<\/span>interview<\/div>\n<div> <!-- ************ 1 ************** --><\/p>\n<div style=\"float:left;width:290px;\"><img loading=\"lazy\" decoding=\"async\" src=\"http:\/\/www.disfrutalapalma.com\/wp-content\/uploads\/interview_2-2016-1.jpg\" alt=\"\" title=\"interview_2-2016-1\" width=\"290\" height=\"373\" class=\"alignnone size-full wp-image-18037\" srcset=\"https:\/\/www.disfrutalapalma.com\/wp-content\/uploads\/interview_2-2016-1.jpg 290w, https:\/\/www.disfrutalapalma.com\/wp-content\/uploads\/interview_2-2016-1-233x300.jpg 233w, https:\/\/www.disfrutalapalma.com\/wp-content\/uploads\/interview_2-2016-1-77x100.jpg 77w\" sizes=\"auto, (max-width: 290px) 100vw, 290px\" \/><\/div>\n<div style=\"float:left;margin-left:25px;width:325px;\"> <!-- ************ 2 ************** --><\/p>\n<div style=\"margin-top:5px;margin-bottom:18px;font-family: 'Open Sans Condensed', sans-serif; font-weight: 300;font-size:50px;line-height:50px;text-transform:uppercase;\">mit<\/div>\n<div style=\"color:#AC0600;font-family: 'Playfair Display SC', serif;font-weight:400;font-size:70px;line-height:70px;text-transform:uppercase;\">David<br \/>P\u00e9rez<br \/>S\u00e1nchez<\/div>\n<div style=\"margin-top:20px;font-family: 'Open Sans Condensed', sans-serif; font-weight: 300;font-size:30px;line-height:30px;text-transform:uppercase;\">Restaurant <span style=\"color:#AC0600;\">Carmen<\/span><br \/>El Paso \/ Urbanizaci\u00f3n Celta<\/div>\n<\/div>\n<p> <!-- ************ Ende 2 ************** --><\/p>\n<div style=\"clear:both;\"><\/div>\n<\/div>\n<p> <!-- ************ Ende 1 ************** --><\/p>\n<div> <!-- ************ 3 ************** --><\/p>\n<div style=\"width:390px;margin-top:0px;float:left;font-family: 'Old Standard TT', serif;font-style:italic;font-size:22px;line-height:26px;\">Das Carmen ist in den vergangenen Jahren nicht nur zu einem der Top-Restaurants auf La Palma avanciert, Chefkoch David geh\u00f6rt auch zu den Stars der gesamtkanarischen Kochszene. Wir sprachen mit dem vielbesch\u00e4ftigten Familienvater und leidenschaftlichen Gastronom &#8230;<\/div>\n<div style=\"float:left;width:230px;height:200px;margin-left:15px;\"><img loading=\"lazy\" decoding=\"async\" src=\"http:\/\/www.disfrutalapalma.com\/wp-content\/uploads\/Interview_2-2016-3.jpg\" alt=\"\" title=\"Interview_2-2016-3\" width=\"230\" height=\"200\" class=\"alignnone size-full wp-image-18062\" srcset=\"https:\/\/www.disfrutalapalma.com\/wp-content\/uploads\/Interview_2-2016-3.jpg 230w, https:\/\/www.disfrutalapalma.com\/wp-content\/uploads\/Interview_2-2016-3-100x86.jpg 100w\" sizes=\"auto, (max-width: 230px) 100vw, 230px\" \/><\/div>\n<div style=\"clear:both;\"><\/div>\n<\/div>\n<p> <!-- ************ Ende 3 ************** --><\/p>\n<div style=\"margin-bottom:20px;font-family: 'Old Standard TT', serif;font-size:16px;line-height:20px;\"> <!-- ************ Interview ************** --><\/p>\n<p style=\"margin-bottom:8px;\"><span style=\"font-family: 'Open Sans', sans-serif; font-weight: 600;\">\u00a1Disfruta!: <\/span>Deine Frau Yurena und du, ihr habt das Restaurant Carmen 2008 von den Vorbesitzern \u00fcbernommen. Seitdem steigt ihr auf der Erfolgsleiter h\u00f6her und h\u00f6her und habt einen hervorragenden Ruf, sogar \u00fcber die Grenzen La Palmas hinaus. Wie erkl\u00e4rst du dir das?<\/p>\n<p style=\"margin-bottom:8px;\"><span style=\"font-family: 'Open Sans', sans-serif; font-weight: 600;color:#AC0600;\">David: <\/span>Das Restaurant war fr\u00fcher bekannt f\u00fcr hochwertige K\u00fcche, aber auch f\u00fcr sehr hohe Preise. Nach der \u00dcbernahme haben wir die Qualit\u00e4t nochmal gesteigert, die Preise aber fair und bezahlbar gestaltet. Und wir stecken all\u2019 unsere Liebe, Kraft und Leidenschaft in diesen unseren Traum.<\/p>\n<p style=\"margin-bottom:8px;\"><span style=\"font-family: 'Open Sans', sans-serif; font-weight: 600;\">\u00a1Disfruta!: <\/span>Deine Freunde behaupten, du seiest bereits auf der Herdplatte zur Welt gekommen. Ist da etwas Wahres dran?<\/p>\n<p style=\"margin-bottom:8px;\"><span style=\"font-family: 'Open Sans', sans-serif; font-weight: 600;color:#AC0600;\">David (lacht): <\/span>Na ja, irgendwie schon. Bereits als kleiner Junge habe ich gerne gekostet, wollte wissen, wie man das kocht und habe dann selbst den Kochl\u00f6ffel geschwungen und alles nach meinem Gusto verfeinert. Und damit war ich schon derjenige, der die ganze Familie st\u00e4ndig bekochen musste.<\/p>\n<p style=\"margin-bottom:8px;\"><span style=\"font-family: 'Open Sans', sans-serif; font-weight: 600;\">\u00a1Disfruta!: <\/span>Du hast in den vergangenen Jahren viele Auszeichnungen und Preise f\u00fcr deine Kochkunst erhalten. Welche waren f\u00fcr dich die wichtigsten?<\/p>\n<p style=\"margin-bottom:8px;\"><span style=\"font-family: 'Open Sans', sans-serif; font-weight: 600;color:#AC0600;\">David: <\/span>Nat\u00fcrlich macht dich jeder Pokal in deiner Sammlung stolz, aber wichtig &#8230;? Wichtig ist f\u00fcr mich, wenn ein Gast nach dem Essen mit gl\u00e4nzenden Augen an mein K\u00fcchenfenster kommt und sagt: \u201eDavid, das war wieder mal so was von genial!\u201c<\/p>\n<p style=\"margin-bottom:8px;\"><span style=\"font-family: 'Open Sans', sans-serif; font-weight: 600;\">\u00a1Disfruta!: <\/span>Wer kocht bei euch zuhause?<\/p>\n<p style=\"margin-bottom:8px;\"><span style=\"font-family: 'Open Sans', sans-serif; font-weight: 600;color:#AC0600;\">David (verschmitzt): <\/span>Yurena!!! Man kennt das doch: Kaum ein Koch kocht gerne f\u00fcr sich selbst. Denn auch K\u00f6che freuen sich, wenn sich jemand um sie k\u00fcmmert! Und noch mehr, wenn\u2019s jemand mit so viel Liebe tut, wie meine Frau &#8230;<\/p>\n<p style=\"margin-bottom:8px;\"><span style=\"font-family: 'Open Sans', sans-serif; font-weight: 600;\">\u00a1Disfruta!: <\/span>Geht Liebe wirklich durch den Magen &#8230;?<\/p>\n<p style=\"margin-bottom:8px;\"><span style=\"font-family: 'Open Sans', sans-serif; font-weight: 600;color:#AC0600;\">David (verliebt): <\/span>Jaaaaaaaa! Ich habe mich vor 14 Jahren in Yurena verliebt, als sie mir ein paar Canap\u00e9s mit Oliven\u00f6l, Tomaten, Anchovis und einem geheimen Liebesgew\u00fcrz gemacht hat &#8230;<\/p>\n<p style=\"margin-bottom:8px;\"><span style=\"font-family: 'Open Sans', sans-serif; font-weight: 600;\">\u00a1Disfruta!: <\/span>Ihr habt zwei Kinder: euer Sohn Yuday ist 12, eure Tochter Darena 7 Jahre alt. Werden die kulinarisch anders erzogen? Oder wollen auch die nur Pommes und Pizza?<\/p>\n<p style=\"margin-bottom:8px;\"><span style=\"font-family: 'Open Sans', sans-serif; font-weight: 600;color:#AC0600;\">David: <\/span>Anders erzogen nicht, aber sie lernen nat\u00fcrlich, was gute Ern\u00e4hrung bedeutet und dass man erst probiert bevor man urteilt. Und ja, nat\u00fcrlich m\u00f6gen sie Fastfood, schlie\u00dflich sind es Kinder. Aber Yuday zeigt schon jetzt gro\u00dfes Interesse am Kochen und probiert gerne aus &#8230; Ach, die Gene!<\/p>\n<p style=\"margin-bottom:8px;\"><span style=\"font-family: 'Open Sans', sans-serif; font-weight: 600;\">\u00a1Disfruta!: <\/span>Wie siehst du die kulinarische Entwicklung auf La Palma?<\/p>\n<p style=\"margin-bottom:8px;\"><span style=\"font-family: 'Open Sans', sans-serif; font-weight: 600;color:#AC0600;\">David: <\/span>Mit guten Produkten, Erzeugern und K\u00f6chen k\u00e4mpfen wir Tag f\u00fcr Tag um die Anerkennung \u00fcber die Grenzen La Palmas hinaus, aber die Entwicklung, vor allem in der Standard-Gastronomie, geht hier eben langsamer vonstatten als woanders. Auf h\u00f6herem gastronomischen Nivau hat sich in den vergangenen Jahren allerdings viel getan. Und diese Entwicklung wird sich Schritt f\u00fcr Schritt in der gesamten palmerischen Gastronomie fortsetzen.<\/p>\n<p style=\"margin-bottom:18px;\"><span style=\"font-family: 'Open Sans', sans-serif; font-weight: 600;\">\u00a1Disfruta!: <\/span>Ein gutes Schlusswort. Vielen Dank, David!<\/p>\n<div style=\"margin-top:20px;text-decoration:underline;text-align:center;font-weight: 700;color:#AC0600;font-size:18px;margin-top:0px;margin-bottom:15px;\"><a href=\"https:\/\/www.disfrutalapalma.com\/guia\/restaurante-carmen-2-2\/\" target=\"_blank\" style=\"margin-top:20px;color:#AC0600;\">Zum Guide-Eintrag des Restaurants Carmen<\/a><\/div>\n<div>[vslider name=&#8220;Carmen22016&#8243;]<\/div>\n<div style=\"text-align:right;font-style:italic;font-size:11px;\">Fotos: \u00a9 2016 Uwe S. Meschede<\/div>\n<\/div>\n<p> <!-- ************ Ende Interview ************** -->\n<\/div>\n<div class=\"associated-posts title-full-content\"><\/div>\n","protected":false},"excerpt":{"rendered":"<p>Uwe S. Meschede &#038; Mar\u00eda del Mar Bogar\u00edn DASinterview mit DavidP\u00e9rezS\u00e1nchez Restaurant CarmenEl Paso \/ Urbanizaci\u00f3n Celta Das Carmen ist in den vergangenen Jahren nicht nur zu einem der Top-Restaurants auf La Palma avanciert, Chefkoch David geh\u00f6rt auch zu den &hellip; <a href=\"https:\/\/www.disfrutalapalma.com\/de\/2016\/03\/das-interview\/\">Weiterlesen <span class=\"meta-nav\">&rarr;<\/span><\/a><\/p>\n","protected":false},"author":3004,"featured_media":18166,"comment_status":"closed","ping_status":"closed","sticky":false,"template":"","format":"standard","meta":{"_acf_changed":false,"footnotes":""},"categories":[16],"tags":[],"class_list":["post-18164","post","type-post","status-publish","format-standard","has-post-thumbnail","hentry","category-cat_archiv"],"acf":[],"_links":{"self":[{"href":"https:\/\/www.disfrutalapalma.com\/de\/wp-json\/wp\/v2\/posts\/18164","targetHints":{"allow":["GET"]}}],"collection":[{"href":"https:\/\/www.disfrutalapalma.com\/de\/wp-json\/wp\/v2\/posts"}],"about":[{"href":"https:\/\/www.disfrutalapalma.com\/de\/wp-json\/wp\/v2\/types\/post"}],"author":[{"embeddable":true,"href":"https:\/\/www.disfrutalapalma.com\/de\/wp-json\/wp\/v2\/users\/3004"}],"replies":[{"embeddable":true,"href":"https:\/\/www.disfrutalapalma.com\/de\/wp-json\/wp\/v2\/comments?post=18164"}],"version-history":[{"count":13,"href":"https:\/\/www.disfrutalapalma.com\/de\/wp-json\/wp\/v2\/posts\/18164\/revisions"}],"predecessor-version":[{"id":18173,"href":"https:\/\/www.disfrutalapalma.com\/de\/wp-json\/wp\/v2\/posts\/18164\/revisions\/18173"}],"wp:featuredmedia":[{"embeddable":true,"href":"https:\/\/www.disfrutalapalma.com\/de\/wp-json\/wp\/v2\/media\/18166"}],"wp:attachment":[{"href":"https:\/\/www.disfrutalapalma.com\/de\/wp-json\/wp\/v2\/media?parent=18164"}],"wp:term":[{"taxonomy":"category","embeddable":true,"href":"https:\/\/www.disfrutalapalma.com\/de\/wp-json\/wp\/v2\/categories?post=18164"},{"taxonomy":"post_tag","embeddable":true,"href":"https:\/\/www.disfrutalapalma.com\/de\/wp-json\/wp\/v2\/tags?post=18164"}],"curies":[{"name":"wp","href":"https:\/\/api.w.org\/{rel}","templated":true}]}}