{"id":18139,"date":"2016-03-31T13:13:08","date_gmt":"2016-03-31T12:13:08","guid":{"rendered":"http:\/\/www.disfrutalapalma.com\/?p=18139"},"modified":"2019-10-05T15:12:33","modified_gmt":"2019-10-05T14:12:33","slug":"ausgew%c3%a4hlte-trends","status":"publish","type":"post","link":"https:\/\/www.disfrutalapalma.com\/de\/2016\/03\/ausgew%c3%a4hlte-trends\/","title":{"rendered":"Ausgew\u00e4hlte Trends"},"content":{"rendered":"<div style=\"margin-top:-20px;\"> <!-- Haupt-Div --><\/p>\n<div style=\"margin-top:0px;margin-bottom:-10px;padding-top:0px;padding-bottom:20px;text-align:center;background-color: #000;color: #FFF;font-family: 'Times', serif;\"> <!-- ******************Einstieg****************** --><\/p>\n<div style=\"font-size:80px;line-height:110px;text-transform: uppercase;color:#E40000;\">Ausgew\u00e4hlte<\/div>\n<div style=\"margin-top:-29px;font-size:50px;line-height:30px;text-transform: lowercase;font-style:italic;letter-spacing:0.1em;\">trends<\/div>\n<div style=\"font-family: 'Open Sans', sans-serif; font-weight: 300;margin-top:20px;font-size:24px;line-height:24px;text-transform: uppercase;letter-spacing:0.1em;color:#E40000;margin-bottom:20px;\">Mode<br \/>Accessoires<br \/>Schmuck<\/div>\n<div><img loading=\"lazy\" decoding=\"async\" src=\"http:\/\/www.disfrutalapalma.com\/wp-content\/uploads\/tendencias1.png\" alt=\"\" title=\"tendencias1\" width=\"350\" height=\"251\" class=\"alignnone size-full wp-image-17893\" srcset=\"https:\/\/www.disfrutalapalma.com\/wp-content\/uploads\/tendencias1.png 350w, https:\/\/www.disfrutalapalma.com\/wp-content\/uploads\/tendencias1-300x215.png 300w, https:\/\/www.disfrutalapalma.com\/wp-content\/uploads\/tendencias1-100x71.png 100w\" sizes=\"auto, (max-width: 350px) 100vw, 350px\" \/><\/div>\n<div style=\"font-family: 'Open Sans Condensed', sans-serif; font-weight: 400;margin-top:-150px;font-size:18px;line-height:18px;text-transform: uppercase;letter-spacing:0.1em;color:#FFF;margin-bottom:20px;\">Fotos &#038; Texte:<br \/>Uwe S. Meschede<\/div>\n<div style=\"font-family: 'Open Sans Condensed', sans-serif; font-weight: 400;margin-top:130px;font-size:60px;line-height:48px;text-transform: uppercase;letter-spacing:-0.03em;color:#FFF;font-weight:700;\">mit<br \/>Insel-Flair<\/div>\n<\/div>\n<p><!-- *****************Ende Einstieg******************* --><\/p>\n<div><!-- *******************Ina***************** --><\/p>\n<div><img loading=\"lazy\" decoding=\"async\" src=\"http:\/\/www.disfrutalapalma.com\/wp-content\/uploads\/InaIrmen_2-2016-1.jpg\" alt=\"\" title=\"InaIrmen_2-2016-1\" width=\"640\" height=\"950\" class=\"alignnone size-full wp-image-17908\" srcset=\"https:\/\/www.disfrutalapalma.com\/wp-content\/uploads\/InaIrmen_2-2016-1.jpg 640w, https:\/\/www.disfrutalapalma.com\/wp-content\/uploads\/InaIrmen_2-2016-1-202x300.jpg 202w, https:\/\/www.disfrutalapalma.com\/wp-content\/uploads\/InaIrmen_2-2016-1-67x100.jpg 67w\" sizes=\"auto, (max-width: 640px) 100vw, 640px\" \/><\/div>\n<div style=\"margin-top:-380px;margin-left:40px;font-family: 'Open Sans Condensed', sans-serif;font-size:35px;line-height:35px;color:#FFF;font-weight:700;letter-spacing:-0.02em;text-transform: uppercase;\">Ina Irmen <span style=\"font-weight:300;\">Tinizara<\/span><\/div>\n<div style=\"margin-top:0px;margin-left:40px;font-family: 'Old Standard TT', serif;font-size:60px;line-height:60px;color:#FFF;font-weight:700;letter-spacing:-0.03em;\">Schmuck mit Charisma<\/div>\n<div style=\"margin-top:160px;margin-left:40px;margin-right:40px;font-family: 'Old Standard TT', serif;font-size:16px;line-height:18px;color:#FFF;font-weight:400;letter-spacing:-0.02em;\">Immer wieder schafft die kreative Schmuck-Designerin <span style=\"font-family: 'Open Sans', sans-serif; font-weight: 700;\">Ina Irmen<\/span> aus Tinizara das schier Unm\u00f6gliche: In ihrer neuen Kollektion verarbeitet sie Scheibenperlen aus H\u00e4matit, von Hand gravierte Jaspis-Perlen und handgefertigte afrikanische Messing- oder Silberperlen zu einzigartigen Gesamtkunstwerken mit unglaublicher Ausstrahlung. &#8211; <span style=\"font-family: 'Open Sans', sans-serif; font-weight: 700;\">Ina Irmen<\/span> findet man mit ihrem sch\u00f6nen Stand jeden Sonntag auf dem Flohmarkt in Los Llanos-Argual.<\/div>\n<\/div>\n<p><!-- ****************Ende Ina***************** --><\/p>\n<div style=\"margin-bottom:0px;margin-top:0px;\"><!-- **************Nueva Vida******************* --><\/p>\n<div><img loading=\"lazy\" decoding=\"async\" src=\"http:\/\/www.disfrutalapalma.com\/wp-content\/uploads\/NuevaVida_2-2016-1.jpg\" alt=\"\" title=\"NuevaVida_2-2016-1\" width=\"640\" height=\"950\" class=\"alignnone size-full wp-image-17922\" srcset=\"https:\/\/www.disfrutalapalma.com\/wp-content\/uploads\/NuevaVida_2-2016-1.jpg 640w, https:\/\/www.disfrutalapalma.com\/wp-content\/uploads\/NuevaVida_2-2016-1-202x300.jpg 202w, https:\/\/www.disfrutalapalma.com\/wp-content\/uploads\/NuevaVida_2-2016-1-67x100.jpg 67w\" sizes=\"auto, (max-width: 640px) 100vw, 640px\" \/><\/div>\n<div style=\"margin-top:-920px;margin-left:20px;font-family: 'Open Sans Condensed', sans-serif;font-size:35px;line-height:35px;color:#000;font-weight:700;letter-spacing:-0.02em;text-transform: uppercase;margin-bottom:10px;\">Nueva Vida <span style=\"font-weight:300;\">Los Llanos<\/span><\/div>\n<div style=\"margin-top:0px;margin-left:20px;font-family: 'Old Standard TT', serif;font-size:60px;line-height:53px;color:#E40000;font-weight:700;letter-spacing:-0.05em;\">Wie geschaffen<br \/>f\u00fcr La Palma<\/div>\n<div style=\"margin-top:30px;width:250px;margin-left:20px;font-family: 'Old Standard TT', serif;font-size:16px;line-height:18px;color:#000;font-weight:400;letter-spacing:-0.02em;\"><span style=\"font-family: 'Open Sans', sans-serif; font-weight: 700;\">Artistry<\/span> hei\u00dft die Fr\u00fchjahr-\/Sommer-Kollektion der katalanischen Marke <span style=\"font-family: 'Open Sans', sans-serif; font-weight: 700;\">Aldomartins<\/span>, die mittlerweile zu den Top-Marken der internationalen Modeszene geh\u00f6rt. Mit Relief-Mustern, ethnischen Motiven und Batik-Effekten setzt das Label in dieser Saison einen echten Trend, der haargenau zu La Palma passt und f\u00fcr einen frischen, sehr weiblichen Look sorgt. Die geniale Kollektion sowie eine individuelle Farb- und Stilberatung gibts auf La Palma exklusiv bei <span style=\"font-family: 'Open Sans', sans-serif; font-weight: 700;\">Nueva Vida<\/span> in Los Llanos (die Adresse finden Sie <a href=\"https:\/\/www.disfrutalapalma.com\/varios\/nueva-vida\/\" target=\"_blank\" style=\"color:#000;text-decoration:underline;\">HIER<\/a>).<\/div>\n<div style=\"margin-left:20px;margin-top:15px;\"><img loading=\"lazy\" decoding=\"async\" src=\"http:\/\/www.disfrutalapalma.com\/wp-content\/uploads\/NuevaVida_2-2016-2.jpg\" alt=\"\" title=\"NuevaVida_2-2016-2\" width=\"230\" height=\"360\" class=\"alignnone size-full wp-image-17929\" srcset=\"https:\/\/www.disfrutalapalma.com\/wp-content\/uploads\/NuevaVida_2-2016-2.jpg 230w, https:\/\/www.disfrutalapalma.com\/wp-content\/uploads\/NuevaVida_2-2016-2-191x300.jpg 191w, https:\/\/www.disfrutalapalma.com\/wp-content\/uploads\/NuevaVida_2-2016-2-63x100.jpg 63w\" sizes=\"auto, (max-width: 230px) 100vw, 230px\" \/><\/div>\n<div style=\"margin-top:43px;color: #000;font-family: 'Times', serif;font-size:10px;font-style:italic;text-align:right;margin-bottom:0px;\">\n<p style=\"margin-bottom:-15px;\">Fotos: Aldomartins<\/p>\n<\/div>\n<\/div>\n<p><!-- ****************Ende Nueva Vida********************* --><\/p>\n<div style=\"margin-bottom:0px;margin-top:0px;\"><!-- ***************Dise\u00f1o************** --><\/p>\n<div><img loading=\"lazy\" decoding=\"async\" src=\"http:\/\/www.disfrutalapalma.com\/wp-content\/uploads\/Diseno_2-2016-1.jpg\" alt=\"\" title=\"Diseno_2-2016-1\" width=\"640\" height=\"950\" class=\"alignnone size-full wp-image-17934\" srcset=\"https:\/\/www.disfrutalapalma.com\/wp-content\/uploads\/Diseno_2-2016-1.jpg 640w, https:\/\/www.disfrutalapalma.com\/wp-content\/uploads\/Diseno_2-2016-1-202x300.jpg 202w, https:\/\/www.disfrutalapalma.com\/wp-content\/uploads\/Diseno_2-2016-1-67x100.jpg 67w\" sizes=\"auto, (max-width: 640px) 100vw, 640px\" \/><\/div>\n<div style=\"margin-top:-920px;margin-left:280px;font-family: 'Open Sans Condensed', sans-serif;font-size:35px;line-height:35px;color:#000;font-weight:700;letter-spacing:-0.02em;text-transform: uppercase;margin-bottom:10px;\">Dise\u00f1o Moda <span style=\"font-weight:300;\">Los Llanos<\/span><\/div>\n<div style=\"margin-top:10px;margin-left:330px;font-family: 'Old Standard TT', serif;font-size:60px;line-height:53px;color:#FFF;font-weight:700;letter-spacing:-0.05em;\">Individuell<br \/>und anders:<br \/>Eben so, wie<br \/>La Palma<\/div>\n<div style=\"margin-top:20px;width:230px;margin-left:385px;font-family: 'Old Standard TT', serif;font-size:16px;line-height:18px;color:#FFF;font-weight:400;letter-spacing:-0.02em;\">Individualit\u00e4t und Differenzierung, Sportivit\u00e4t und zarte Weiblichkeit &#8211; die Modemarken <span style=\"font-family: 'Open Sans', sans-serif; font-weight: 700;\">Simclan<\/span> und <span style=\"font-family: 'Open Sans', sans-serif; font-weight: 700;\">Vetono<\/span> treffen mit diesen beiden Sommerthemen nicht nur den Nerv der Frau von heute, sondern passen auch perfekt zu unserer so individuellen, eben so ganz anderen Insel. &#8211; Die neuen Kollektionen in blassen Naturnuancen und zur\u00fcckhaltenden Neutralt\u00f6nen sowie in sommerlichem Wei\u00df in Kombination mit Akzenten in den den aktuellen Sommerfarben gibt\u2019s exklusiv bei <span style=\"font-family: 'Open Sans', sans-serif; font-weight: 700;\">Dise\u00f1o Moda<\/span> in Los Llanos. Die Adresse finden Sie <a href=\"https:\/\/www.disfrutalapalma.com\/varios\/dise%c3%b1o-moda\/\" target=\"_blank\" style=\"color:#FFF;text-decoration:underline;\">HIER<\/a><\/div>\n<div style=\"margin-left:300px;margin-top:25px;\"><img loading=\"lazy\" decoding=\"async\" src=\"http:\/\/www.disfrutalapalma.com\/wp-content\/uploads\/Diseno_2-2016-2.png\" alt=\"\" title=\"Diseno_2-2016-2\" width=\"320\" height=\"249\" class=\"alignnone size-full wp-image-17942\" srcset=\"https:\/\/www.disfrutalapalma.com\/wp-content\/uploads\/Diseno_2-2016-2.png 320w, https:\/\/www.disfrutalapalma.com\/wp-content\/uploads\/Diseno_2-2016-2-300x233.png 300w, https:\/\/www.disfrutalapalma.com\/wp-content\/uploads\/Diseno_2-2016-2-100x77.png 100w\" sizes=\"auto, (max-width: 320px) 100vw, 320px\" \/><\/div>\n<div style=\"margin-top:33px;color: #000;font-family: 'Times', serif;font-size:10px;font-style:italic;text-align:right;margin-bottom:0px;\">\n<p style=\"margin-bottom:-15px;\">Fotos: Simclan, Vetono<\/p>\n<\/div>\n<\/div>\n<p><!-- *****************Ende Dise\u00f1o*************** --><\/p>\n<div style=\"margin-bottom:0px;margin-top:0px;\"><!-- *****************Quatschi******************* --><\/p>\n<div style=\"z-index:1;\"><img loading=\"lazy\" decoding=\"async\" src=\"http:\/\/www.disfrutalapalma.com\/wp-content\/uploads\/Quatschi_2-2016-1.jpg\" alt=\"\" title=\"Quatschi_2-2016-1\" width=\"640\" height=\"950\" class=\"alignnone size-full wp-image-17953\" srcset=\"https:\/\/www.disfrutalapalma.com\/wp-content\/uploads\/Quatschi_2-2016-1.jpg 640w, https:\/\/www.disfrutalapalma.com\/wp-content\/uploads\/Quatschi_2-2016-1-202x300.jpg 202w, https:\/\/www.disfrutalapalma.com\/wp-content\/uploads\/Quatschi_2-2016-1-67x100.jpg 67w\" sizes=\"auto, (max-width: 640px) 100vw, 640px\" \/><\/div>\n<div style=\"margin-top:-930px;margin-left:40px;font-family: 'Open Sans Condensed', sans-serif;font-size:35px;line-height:35px;color:#FFF;font-weight:700;letter-spacing:-0.02em;text-transform: uppercase;margin-bottom:10px;\">Artesan\u00edas Quatschi <span style=\"font-weight:300;\">Tijarafe-Tinizara<\/span><\/div>\n<div style=\"margin-top:10px;margin-left:40px;font-family: 'Old Standard TT', serif;font-size:55px;line-height:50px;color:#FFF;font-weight:700;letter-spacing:-0.05em;\">Angesagt: Traditionell von Hand gefertigt!<\/div>\n<div style=\"margin-top:20px;width:230px;margin-left:40px;font-family: 'Old Standard TT', serif;font-size:16px;line-height:18px;color:#FFF;font-weight:400;letter-spacing:-0.02em;\">Bei Silberschmuck und Lederaccessoires geht der Trend eindeutig weg von anonymer Masse hin zu individueller Klasse. &#8211; <span style=\"font-family: 'Open Sans', sans-serif; font-weight: 700;\">Artesan\u00edas Quatschi<\/span> sind zwei passionierte Kunsthandwerker, die in ihrer Werkstatt im neuen Zentrum f\u00fcr Kunsthandwerk in Tijarafe-Tinizara (Foto unten) sehr angesagte Silberschmuckunikate und trendige Lederaccessoires wie Taschen, Geldb\u00f6rsen und G\u00fcrtel herstellen und diese sowohl hier als auch auf dem Mercadillo Puntagorda ausstellen.<\/div>\n<div style=\"position:relative;z-index:2;margin-left:40px;margin-top:10px;width:200px;height:130px;border:1px solid #FFF;\"><img loading=\"lazy\" decoding=\"async\" src=\"http:\/\/www.disfrutalapalma.com\/wp-content\/uploads\/Quatschi_2-2016-2.jpg\" alt=\"\" title=\"Quatschi_2-2016-2\" width=\"200\" height=\"130\" class=\"alignnone size-full wp-image-17961\" srcset=\"https:\/\/www.disfrutalapalma.com\/wp-content\/uploads\/Quatschi_2-2016-2.jpg 200w, https:\/\/www.disfrutalapalma.com\/wp-content\/uploads\/Quatschi_2-2016-2-100x65.jpg 100w\" sizes=\"auto, (max-width: 200px) 100vw, 200px\" \/><\/div>\n<\/div>\n<p><!-- ***************Ende Quatschi**************** --><\/p>\n<div style=\"margin-top:350px;\"><!-- **************Steffen**************** --><\/p>\n<div><img loading=\"lazy\" decoding=\"async\" src=\"http:\/\/www.disfrutalapalma.com\/wp-content\/uploads\/Steffen_2-2016-1.jpg\" alt=\"\" title=\"Steffen_2-2016-1\" width=\"640\" height=\"950\" class=\"alignnone size-full wp-image-17964\" srcset=\"https:\/\/www.disfrutalapalma.com\/wp-content\/uploads\/Steffen_2-2016-1.jpg 640w, https:\/\/www.disfrutalapalma.com\/wp-content\/uploads\/Steffen_2-2016-1-202x300.jpg 202w, https:\/\/www.disfrutalapalma.com\/wp-content\/uploads\/Steffen_2-2016-1-67x100.jpg 67w\" sizes=\"auto, (max-width: 640px) 100vw, 640px\" \/><\/div>\n<div style=\"margin-top:-930px;margin-left:20px;font-family: 'Open Sans Condensed', sans-serif;font-size:35px;line-height:35px;color:#FFF;font-weight:700;letter-spacing:-0.02em;text-transform: uppercase;\">El Orfebre <span style=\"font-weight:300;\">Los Llanos<\/span><\/div>\n<div style=\"margin-top:5px;margin-left:20px;font-family: 'Old Standard TT', serif;font-size:53px;line-height:53px;color:#FFF;font-weight:700;letter-spacing:-0.05em;\">Zeitlose Eleganz aus Wellen, Lavasand und Silber<\/div>\n<div style=\"width:320px;margin-bottom:55px;margin-top:565px;margin-left:20px;font-family: 'Old Standard TT', serif;font-size:16px;line-height:18px;color:#FFF;font-weight:400;letter-spacing:-0.02em;\">Sexy, elegant und zeitlos: Wir haben Ihnen die exquisite neue La-Palma-Schmuckkollektion des Goldschmiedemeisters <span style=\"font-family: 'Open Sans', sans-serif; font-weight: 700;\">Steffen Heydemann<\/span>\/Los Llanos zwar schon in unserer letzten Ausgabe vorgestellt, wollten Ihnen die edlen Kreationen unbedingt aber noch einmal \u201eangezogen\u201c pr\u00e4sentieren, wo sie Ihre Wirkung erst so richtig entfalten. &#8211; Die Adresse des exzellenten Goldschmieds finden Sie in unserem Shopping-Guide bzw. <a href=\"https:\/\/www.disfrutalapalma.com\/varios\/dise%c3%b1o-moda\/?p=16268\" target=\"_blank\" style=\"color:#FFF;text-decoration:underline;\">HIER<\/a><\/div>\n<\/div>\n<p><!-- ******************Ende Steffen****************** --><\/p>\n<div style=\"margin-bottom:0px;margin-top:15px;\"><!-- ***************Confetti************** --><\/p>\n<div style=\"position:relative;z-index:1;\"><img loading=\"lazy\" decoding=\"async\" src=\"http:\/\/www.disfrutalapalma.com\/wp-content\/uploads\/Confetti_2-2016-1-2.jpg\" alt=\"\" title=\"Confetti_2-2016-1-2\" width=\"640\" height=\"950\" class=\"alignnone size-full wp-image-17986\" srcset=\"https:\/\/www.disfrutalapalma.com\/wp-content\/uploads\/Confetti_2-2016-1-2.jpg 640w, https:\/\/www.disfrutalapalma.com\/wp-content\/uploads\/Confetti_2-2016-1-2-202x300.jpg 202w, https:\/\/www.disfrutalapalma.com\/wp-content\/uploads\/Confetti_2-2016-1-2-67x100.jpg 67w\" sizes=\"auto, (max-width: 640px) 100vw, 640px\" \/><\/div>\n<div style=\"position:relative;z-index:2;text-align:right;margin-top:-940px;margin-right:25px;font-family: 'Open Sans Condensed', sans-serif;font-size:30px;line-height:30px;color:#FFF;font-weight:700;letter-spacing:-0.02em;text-transform: uppercase;margin-bottom:10px;\">Confetti Moda <span style=\"font-weight:300;\">Los Llanos<\/span><\/div>\n<div style=\"position:relative;z-index:2;text-align:right;margin-top:20px;margin-right:25px;font-family: 'Old Standard TT', serif;font-size:60px;line-height:53px;color:#FFF;font-weight:700;letter-spacing:-0.05em;\">Stoffe, Farben<br \/>&#038; Syles f\u00fcr<br \/>Querdenker<\/div>\n<div style=\"position:relative;z-index:2;margin-top:15px;width:285px;margin-left:330px;font-family: 'Old Standard TT', serif;font-size:16px;line-height:18px;color:#FFF;font-weight:400;letter-spacing:-0.02em;\">Die Marke <span style=\"font-family: 'Open Sans', sans-serif; font-weight: 700;\">Oska<\/span> steht f\u00fcr einen enorm bequemen, einzigartig schlichten und sehr eigenst\u00e4ndigen Look, der nicht verkleidet, sondern die Pers\u00f6nlichkeit auf sowohl l\u00e4ssige als auch elegante Art betont. Also genau das richtige f\u00fcr individuelle Charaktere hier auf La Palma! Die genialen Basics in Natur- und Graut\u00f6nen bis hin zu Schwarz bilden die richtige Gundlage f\u00fcr vielf\u00e4ltige Kombinationen untereinander, aber auch mit den Oska-Sommerfarben 2016, die zwar Farbe in die warme Jahreszeit bringen, aber niemals bunt sind.<br \/>\n<span style=\"font-family: 'Open Sans', sans-serif; font-weight: 700;\">Oska<\/span> gibt\u2019s exklusiv bei <span style=\"font-family: 'Open Sans', sans-serif; font-weight: 700;\">Confetti Moda<\/span> in Los Llanos. Die genaue Adresse finden Sie <a href=\"https:\/\/www.disfrutalapalma.com\/varios\/dise%c3%b1o-moda\/?p=14626\" target=\"_blank\" style=\"color:#FFF;text-decoration:underline;\">HIER.<\/a><\/div>\n<div style=\"position:relative;z-index:2;margin-left:330px;margin-top:10px;float:left;\"><img loading=\"lazy\" decoding=\"async\" src=\"http:\/\/www.disfrutalapalma.com\/wp-content\/uploads\/Confetti_2-2016-2.jpg\" alt=\"\" title=\"Confetti_2-2016-2\" width=\"140\" height=\"290\" class=\"alignnone size-full wp-image-17983\" srcset=\"https:\/\/www.disfrutalapalma.com\/wp-content\/uploads\/Confetti_2-2016-2.jpg 140w, https:\/\/www.disfrutalapalma.com\/wp-content\/uploads\/Confetti_2-2016-2-48x100.jpg 48w\" sizes=\"auto, (max-width: 140px) 100vw, 140px\" \/><\/div>\n<div style=\"float:left;margin-left:10px;margin-top:10px;position:relative;z-index:2;\"><img loading=\"lazy\" decoding=\"async\" src=\"http:\/\/www.disfrutalapalma.com\/wp-content\/uploads\/Confetti_2-2016-3.jpg\" alt=\"\" title=\"Confetti_2-2016-2\" width=\"140\" height=\"290\" class=\"alignnone size-full wp-image-17983\" \/><\/div>\n<div style=\"clear:both;height:80px;\"><\/div>\n<\/div>\n<p><!-- *****************Ende Confetti*************** -->\n<\/div>\n<p> <!-- Ende Haupt-Div --><\/p>\n<div class=\"associated-posts title-full-content\"><\/div>\n","protected":false},"excerpt":{"rendered":"<p>Ausgew\u00e4hlte trends ModeAccessoiresSchmuck Fotos &#038; Texte:Uwe S. Meschede mitInsel-Flair Ina Irmen Tinizara Schmuck mit Charisma Immer wieder schafft die kreative Schmuck-Designerin Ina Irmen aus Tinizara das schier Unm\u00f6gliche: In ihrer neuen Kollektion verarbeitet sie Scheibenperlen aus H\u00e4matit, von Hand gravierte &hellip; <a href=\"https:\/\/www.disfrutalapalma.com\/de\/2016\/03\/ausgew%c3%a4hlte-trends\/\">Weiterlesen <span class=\"meta-nav\">&rarr;<\/span><\/a><\/p>\n","protected":false},"author":3004,"featured_media":18141,"comment_status":"closed","ping_status":"closed","sticky":false,"template":"","format":"standard","meta":{"_acf_changed":false,"footnotes":""},"categories":[16],"tags":[],"class_list":["post-18139","post","type-post","status-publish","format-standard","has-post-thumbnail","hentry","category-cat_archiv"],"acf":[],"_links":{"self":[{"href":"https:\/\/www.disfrutalapalma.com\/de\/wp-json\/wp\/v2\/posts\/18139","targetHints":{"allow":["GET"]}}],"collection":[{"href":"https:\/\/www.disfrutalapalma.com\/de\/wp-json\/wp\/v2\/posts"}],"about":[{"href":"https:\/\/www.disfrutalapalma.com\/de\/wp-json\/wp\/v2\/types\/post"}],"author":[{"embeddable":true,"href":"https:\/\/www.disfrutalapalma.com\/de\/wp-json\/wp\/v2\/users\/3004"}],"replies":[{"embeddable":true,"href":"https:\/\/www.disfrutalapalma.com\/de\/wp-json\/wp\/v2\/comments?post=18139"}],"version-history":[{"count":22,"href":"https:\/\/www.disfrutalapalma.com\/de\/wp-json\/wp\/v2\/posts\/18139\/revisions"}],"predecessor-version":[{"id":27519,"href":"https:\/\/www.disfrutalapalma.com\/de\/wp-json\/wp\/v2\/posts\/18139\/revisions\/27519"}],"wp:featuredmedia":[{"embeddable":true,"href":"https:\/\/www.disfrutalapalma.com\/de\/wp-json\/wp\/v2\/media\/18141"}],"wp:attachment":[{"href":"https:\/\/www.disfrutalapalma.com\/de\/wp-json\/wp\/v2\/media?parent=18139"}],"wp:term":[{"taxonomy":"category","embeddable":true,"href":"https:\/\/www.disfrutalapalma.com\/de\/wp-json\/wp\/v2\/categories?post=18139"},{"taxonomy":"post_tag","embeddable":true,"href":"https:\/\/www.disfrutalapalma.com\/de\/wp-json\/wp\/v2\/tags?post=18139"}],"curies":[{"name":"wp","href":"https:\/\/api.w.org\/{rel}","templated":true}]}}