{"id":17444,"date":"2015-12-28T14:59:39","date_gmt":"2015-12-28T13:59:39","guid":{"rendered":"http:\/\/www.disfrutalapalma.com\/?p=17444"},"modified":"2019-10-05T14:58:48","modified_gmt":"2019-10-05T13:58:48","slug":"foto-der-ausgabe-januar-2016","status":"publish","type":"post","link":"https:\/\/www.disfrutalapalma.com\/de\/2015\/12\/foto-der-ausgabe-januar-2016\/","title":{"rendered":"Foto der Ausgabe &#8211; Januar 2016"},"content":{"rendered":"<div style=\"width:610px;margin-top:5px;margin-bottom:15px;padding:15px;background-color:#F1F1F1;-moz-border-radius: 9px;-webkit-border-radius: 9px;-khtml-border-radius: 9px; -o-border-radius:9px;border-bottom:1px #D0D0D0 solid; border-right:1px #D0D0D0 solid;\">\n<div style=\"border:solid 4px #FFF; width:602px; height:401px; margin-bottom:20px;\"><img loading=\"lazy\" decoding=\"async\" src=\"http:\/\/www.disfrutalapalma.com\/wp-content\/uploads\/FotoEdition_1-2016.jpg\" alt=\"Foto de la edici\u00f3n 1-2016\" title=\"FotoEdition_1-2016\" width=\"602\" height=\"401\" class=\"alignnone size-full wp-image-17035\" srcset=\"https:\/\/www.disfrutalapalma.com\/wp-content\/uploads\/FotoEdition_1-2016.jpg 602w, https:\/\/www.disfrutalapalma.com\/wp-content\/uploads\/FotoEdition_1-2016-300x199.jpg 300w, https:\/\/www.disfrutalapalma.com\/wp-content\/uploads\/FotoEdition_1-2016-100x66.jpg 100w\" sizes=\"auto, (max-width: 602px) 100vw, 602px\" \/><\/div>\n<p style=\"margin-bottom:8px;\">Passend zu dieser Ausgabe &#8230; So gr\u00fcn wie die Isla Verde (gr\u00fcne Insel) und mit einem der Wahrzeichen La Palmas, das f\u00fcr die reiche Natur der Insel steht: ein niedlicher, kleiner Gecko, den wir \u00fcbrigens Karl-Heinz getauft haben.<\/p>\n<p style=\"font-style:italic;text-align:right;margin-bottom:0px;\">Foto: Uwe S. Meschede (2011)<\/p>\n<\/div>\n<div style=\"text-align: center; font-size: 10px; border-top:dotted; border-top-width: thin; margin-bottom: 15px; padding: 0px; padding-top: 10px;\">Werbung<a href=\"http:\/\/www.volcan-verde.com\/\" target=\"_blank\"><img loading=\"lazy\" decoding=\"async\" src=\"http:\/\/www.disfrutalapalma.com\/wp-content\/uploads\/VolcanVerde-banner_D.jpg\" alt=\"Volc\u00e1n Verde\" title=\"VolcanVerde-banner_D\" width=\"640\" height=\"100\" class=\"alignnone size-full wp-image-13194\" srcset=\"https:\/\/www.disfrutalapalma.com\/wp-content\/uploads\/VolcanVerde-banner_D.jpg 640w, https:\/\/www.disfrutalapalma.com\/wp-content\/uploads\/VolcanVerde-banner_D-300x46.jpg 300w, https:\/\/www.disfrutalapalma.com\/wp-content\/uploads\/VolcanVerde-banner_D-100x15.jpg 100w\" sizes=\"auto, (max-width: 640px) 100vw, 640px\" \/><\/a><a href=\"http:\/\/www.disfrutalapalma.com\/cultura\/volc%C3%A1n-verde-joyas-%C3%BAnicas-edler-schmuck\/\" target=\"_blank\">Zum Eintrag in unserem Kultur-Guide &#8230;<\/a><\/div>\n<div class=\"associated-posts title-full-content\"><\/div>\n","protected":false},"excerpt":{"rendered":"<p>Passend zu dieser Ausgabe &#8230; So gr\u00fcn wie die Isla Verde (gr\u00fcne Insel) und mit einem der Wahrzeichen La Palmas, das f\u00fcr die reiche Natur der Insel steht: ein niedlicher, kleiner Gecko, den wir \u00fcbrigens Karl-Heinz getauft haben. Foto: Uwe &hellip; <a href=\"https:\/\/www.disfrutalapalma.com\/de\/2015\/12\/foto-der-ausgabe-januar-2016\/\">Weiterlesen <span class=\"meta-nav\">&rarr;<\/span><\/a><\/p>\n","protected":false},"author":3004,"featured_media":17447,"comment_status":"closed","ping_status":"closed","sticky":false,"template":"","format":"standard","meta":{"_acf_changed":false,"footnotes":""},"categories":[16],"tags":[],"class_list":["post-17444","post","type-post","status-publish","format-standard","has-post-thumbnail","hentry","category-cat_archiv"],"acf":[],"_links":{"self":[{"href":"https:\/\/www.disfrutalapalma.com\/de\/wp-json\/wp\/v2\/posts\/17444","targetHints":{"allow":["GET"]}}],"collection":[{"href":"https:\/\/www.disfrutalapalma.com\/de\/wp-json\/wp\/v2\/posts"}],"about":[{"href":"https:\/\/www.disfrutalapalma.com\/de\/wp-json\/wp\/v2\/types\/post"}],"author":[{"embeddable":true,"href":"https:\/\/www.disfrutalapalma.com\/de\/wp-json\/wp\/v2\/users\/3004"}],"replies":[{"embeddable":true,"href":"https:\/\/www.disfrutalapalma.com\/de\/wp-json\/wp\/v2\/comments?post=17444"}],"version-history":[{"count":4,"href":"https:\/\/www.disfrutalapalma.com\/de\/wp-json\/wp\/v2\/posts\/17444\/revisions"}],"predecessor-version":[{"id":27399,"href":"https:\/\/www.disfrutalapalma.com\/de\/wp-json\/wp\/v2\/posts\/17444\/revisions\/27399"}],"wp:featuredmedia":[{"embeddable":true,"href":"https:\/\/www.disfrutalapalma.com\/de\/wp-json\/wp\/v2\/media\/17447"}],"wp:attachment":[{"href":"https:\/\/www.disfrutalapalma.com\/de\/wp-json\/wp\/v2\/media?parent=17444"}],"wp:term":[{"taxonomy":"category","embeddable":true,"href":"https:\/\/www.disfrutalapalma.com\/de\/wp-json\/wp\/v2\/categories?post=17444"},{"taxonomy":"post_tag","embeddable":true,"href":"https:\/\/www.disfrutalapalma.com\/de\/wp-json\/wp\/v2\/tags?post=17444"}],"curies":[{"name":"wp","href":"https:\/\/api.w.org\/{rel}","templated":true}]}}