{"id":16029,"date":"2015-06-30T12:51:56","date_gmt":"2015-06-30T11:51:56","guid":{"rendered":"http:\/\/www.disfrutalapalma.com\/?p=16029"},"modified":"2015-07-01T14:28:55","modified_gmt":"2015-07-01T13:28:55","slug":"k%c3%bcnstler-kunsthandwerker-auf-la-palma","status":"publish","type":"post","link":"https:\/\/www.disfrutalapalma.com\/de\/2015\/06\/k%c3%bcnstler-kunsthandwerker-auf-la-palma\/","title":{"rendered":"K\u00fcnstler &#038; Kunsthandwerker auf La Palma"},"content":{"rendered":"<div style=\"margin-top:5px;margin-bottom:15px;font-family: 'Open Sans Condensed', sans-serif; font-weight: 400;font-size:15px;line-height:19px;color:#000;\">\n<div style=\"text-align:center;position:relative;z-index:1;\"><img loading=\"lazy\" decoding=\"async\" src=\"http:\/\/www.disfrutalapalma.com\/wp-content\/uploads\/TitelArtistas_3-15.jpg\" alt=\"\" title=\"TitelArtistas_3-15\" width=\"640\" height=\"865\" class=\"alignnone size-full wp-image-15573\" srcset=\"https:\/\/www.disfrutalapalma.com\/wp-content\/uploads\/TitelArtistas_3-15.jpg 640w, https:\/\/www.disfrutalapalma.com\/wp-content\/uploads\/TitelArtistas_3-15-221x300.jpg 221w, https:\/\/www.disfrutalapalma.com\/wp-content\/uploads\/TitelArtistas_3-15-73x100.jpg 73w\" sizes=\"auto, (max-width: 640px) 100vw, 640px\" \/><\/div>\n<div style=\"text-align:center;position:relative;z-index:2;top:-45px;\"><!--more--><\/div>\n<div style=\"margin-bottom:30px;\"><\/div>\n<div style=\"margin-bottom:20px;\"><!-- *********************** Hagen Westphal ********************* --><\/p>\n<div style=\"float:left;width:305px;border-right:solid 10px #c96802;margin-right:20px;\"><!-- *** Linke Spalte ***--><\/p>\n<div style=\"height:60px;margin-top:-24px;font-family: 'Open Sans', sans-serif; background-color:#000;padding-top:10px;padding-bottom:0px;text-align:center;text-transform:uppercase;\">\n<p style=\"margin-top:0px;margin-bottom:-4px;px;color:#FFF;font-weight:300;font-size:18px;line-height:10px;\">K\u00fcnstler<\/p>\n<p><\/p>\n<p style=\"color:#c96802;font-weight:800;font-size:50px;\">Artista<\/p>\n<\/div>\n<div><img loading=\"lazy\" decoding=\"async\" src=\"http:\/\/www.disfrutalapalma.com\/wp-content\/uploads\/HagenWestphal_3-15-1.jpg\" alt=\"\" title=\"HagenWestphal_3-15-1\" width=\"305\" height=\"388\" class=\"alignnone size-full wp-image-15674\" srcset=\"https:\/\/www.disfrutalapalma.com\/wp-content\/uploads\/HagenWestphal_3-15-1.jpg 305w, https:\/\/www.disfrutalapalma.com\/wp-content\/uploads\/HagenWestphal_3-15-1-235x300.jpg 235w, https:\/\/www.disfrutalapalma.com\/wp-content\/uploads\/HagenWestphal_3-15-1-78x100.jpg 78w\" sizes=\"auto, (max-width: 305px) 100vw, 305px\" \/><\/div>\n<div style=\"padding-right:15px;\"><span style=\"color:#c96802;text-transform:uppercase;\">Steckbrief<\/span> Hagen Westphal, geb. 1939, studierte von 1957 bis 1961 an der Kunstschule Bremen Grafik-Design und anschlie\u00dfend Malerei bei Prof. J. Schreiter. Ab 1963 arbeitete er als freischaffender K\u00fcnstler und Grafiker in Bremerhaven, wo er auch im Bereich der angewandten Kunst t\u00e4tig war.<br \/>\n1988 erfolgte der Umzug nach La Palma. Seitdem besch\u00e4ftigt sich Hagen haupts\u00e4chlich mit freier Malerei &#8211; es entstehen u.a. Aquarelle und Arbeiten auf altem Teaholz. Ausstellungen und Reisen: Finnland, Schweiz, Berlin, Bremen, Bremerhaven, Teneriffa, Chile, La Palma u.a.<\/div>\n<\/div>\n<p><!-- *** Ende Linke Spalte ***--><\/p>\n<div style=\"float:left;width:305px;height:300px;\"><!-- *** Rechte Spalte ***--><\/p>\n<div style=\"font-family: 'Waiting for the Sunrise', cursive;font-size:60px;line-height:55px;\">Hagen Westphal<\/div>\n<div style=\"font-size:20px;\">Maler<\/div>\n<div style=\"margin-top:10px;\">Galerie im Garten<br \/>\nJeden Freitag ab 16.30 Uhr oder nach Vereinbarung<\/div>\n<div style=\"margin-top:5px;\">Los Llanos \/ La Laguna, Camino Baile Bueno, 21<br \/>\nTel. 922 401 429, <a href=\"mailto:baile21@gmx.de\">baile21@gmx.de<\/a><\/div>\n<div style=\"margin-top:15px;\"><img loading=\"lazy\" decoding=\"async\" src=\"http:\/\/www.disfrutalapalma.com\/wp-content\/uploads\/HagenWestphal_3-15-2.jpg\" alt=\"\" title=\"HagenWestphal_3-15-2\" width=\"305\" height=\"399\" class=\"alignnone size-full wp-image-15687\" srcset=\"https:\/\/www.disfrutalapalma.com\/wp-content\/uploads\/HagenWestphal_3-15-2.jpg 305w, https:\/\/www.disfrutalapalma.com\/wp-content\/uploads\/HagenWestphal_3-15-2-229x300.jpg 229w, https:\/\/www.disfrutalapalma.com\/wp-content\/uploads\/HagenWestphal_3-15-2-76x100.jpg 76w\" sizes=\"auto, (max-width: 305px) 100vw, 305px\" \/><\/div>\n<\/div>\n<p><!-- *** Ende Rechte Spalte ***--><\/p>\n<div style=\"clear:both;\"><\/div>\n<div style=\"margin-top:15px;\"><img loading=\"lazy\" decoding=\"async\" src=\"http:\/\/www.disfrutalapalma.com\/wp-content\/uploads\/HagenWestphal_3-15-3.jpg\" alt=\"\" title=\"HagenWestphal_3-15-3\" width=\"640\" height=\"239\" class=\"alignnone size-full wp-image-15691\" srcset=\"https:\/\/www.disfrutalapalma.com\/wp-content\/uploads\/HagenWestphal_3-15-3.jpg 640w, https:\/\/www.disfrutalapalma.com\/wp-content\/uploads\/HagenWestphal_3-15-3-300x112.jpg 300w, https:\/\/www.disfrutalapalma.com\/wp-content\/uploads\/HagenWestphal_3-15-3-100x37.jpg 100w\" sizes=\"auto, (max-width: 640px) 100vw, 640px\" \/><\/div>\n<\/div>\n<p><!-- ******************** Ende Hagen Westphal ****************** --><\/p>\n<div style=\"height:865px;margin-bottom:20px;background-image:url(http:\/\/www.disfrutalapalma.com\/wp-content\/uploads\/Artelava_3-15-2.jpg)\"><!-- *********************** Arte Lava ********************* --><\/p>\n<div style=\"float:left;width:305px;border-right:solid 10px #03AB00;margin-right:20px;\"><!-- *** Linke Spalte ***--><\/p>\n<div style=\"height:60px;margin-top:-24px;font-family: 'Open Sans', sans-serif; background-color:#000;padding-top:10px;padding-bottom:0px;text-align:center;text-transform:uppercase;\">\n<p style=\"margin-top:0px;margin-bottom:-4px;px;color:#FFF;font-weight:300;font-size:18px;line-height:10px;\">Kunsthandwerker<\/p>\n<p><\/p>\n<p style=\"color:#03AB00;font-weight:800;font-size:50px;\">Artesano<\/p>\n<\/div>\n<div><img loading=\"lazy\" decoding=\"async\" src=\"http:\/\/www.disfrutalapalma.com\/wp-content\/uploads\/ArteLava_3-15-1.jpg\" alt=\"\" title=\"ArteLava_3-15-1\" width=\"305\" height=\"388\" class=\"alignnone size-full wp-image-15694\" srcset=\"https:\/\/www.disfrutalapalma.com\/wp-content\/uploads\/ArteLava_3-15-1.jpg 305w, https:\/\/www.disfrutalapalma.com\/wp-content\/uploads\/ArteLava_3-15-1-235x300.jpg 235w, https:\/\/www.disfrutalapalma.com\/wp-content\/uploads\/ArteLava_3-15-1-78x100.jpg 78w\" sizes=\"auto, (max-width: 305px) 100vw, 305px\" \/><\/div>\n<div style=\"padding:10px;margin-top:15px;margin-left:20px;margin-right:20px;color:#000;opacity: 0.85;filter:Alpha(Opacity=85);background-color:#FFF;\"><span style=\"color:#03AB00;text-transform:uppercase;\">Steckbrief<\/span> Als erstes Schmuckgesch\u00e4ft der Kanarischen Inseln mit selbst gefertigtem Lavaschmuck er\u00f6ffnete Arte Lava im Jahr 1998 in Puerto de Tazacorte seine Tore und belieferte anfangs sogar Gesch\u00e4fte auf anderen Kanarischen Inseln: Teneriffa, Lanzarote und La Gomera. &#8211; Heute stellt Arte Lava haupts\u00e4chlich hochwertige Unikate aus Gold, Silber und verschiedenen Edelsteinen her und vertreibt parallel verschiedensten Schmuck anderer palmerischer Kunsthandwerker.<\/div>\n<\/div>\n<p><!-- *** Ende Linke Spalte ***--><\/p>\n<div style=\"float:left;width:305px;\"><!-- *** Rechte Spalte ***--><\/p>\n<div style=\"font-family: 'Waiting for the Sunrise', cursive;font-size:60px;line-height:55px;\">Arte Lava<\/div>\n<div style=\"font-size:20px;\">Schmuckdesigner<\/div>\n<div style=\"margin-top:10px;\">Puerto de Tazacorte<br \/>\nEl Puerto, 2<br \/>\nTel. 922 480 016<\/div>\n<\/div>\n<p><!-- *** Ende Rechte Spalte ***--><\/p>\n<div style=\"clear:both;\"><\/div>\n<\/div>\n<p><!-- ******************** Ende Arte Lava ****************** --><\/p>\n<div style=\"margin-bottom:20px;\"><!-- *********************** Helmut Kiesewetter ********************* --><\/p>\n<div style=\"float:left;width:305px;border-right:solid 10px #007DD0;margin-right:20px;\"><!-- *** Linke Spalte ***--><\/p>\n<div style=\"height:60px;margin-top:-24px;font-family: 'Open Sans', sans-serif; background-color:#000;padding-top:10px;padding-bottom:0px;text-align:center;text-transform:uppercase;\">\n<p style=\"margin-top:0px;margin-bottom:-4px;px;color:#FFF;font-weight:300;font-size:18px;line-height:10px;\">K\u00fcnstler<\/p>\n<p><\/p>\n<p style=\"color:#007DD0;font-weight:800;font-size:50px;\">Artista<\/p>\n<\/div>\n<div><img loading=\"lazy\" decoding=\"async\" src=\"http:\/\/www.disfrutalapalma.com\/wp-content\/uploads\/HelmutKiesewetter_3-15-1.jpg\" alt=\"\" title=\"HelmutKiesewetter_3-15-1\" width=\"305\" height=\"757\" class=\"alignnone size-full wp-image-15707\" srcset=\"https:\/\/www.disfrutalapalma.com\/wp-content\/uploads\/HelmutKiesewetter_3-15-1.jpg 305w, https:\/\/www.disfrutalapalma.com\/wp-content\/uploads\/HelmutKiesewetter_3-15-1-40x100.jpg 40w\" sizes=\"auto, (max-width: 305px) 100vw, 305px\" \/><\/div>\n<\/div>\n<p><!-- *** Ende Linke Spalte ***--><\/p>\n<div style=\"float:left;width:305px;\"><!-- *** Rechte Spalte ***--><\/p>\n<div style=\"margin-top:-25px;font-family: 'Waiting for the Sunrise', cursive;font-size:60px;line-height:55px;\">Helmut Kiesewetter<\/div>\n<div style=\"font-size:20px;\">Maler<\/div>\n<div style=\"margin-top:10px;\">Camino Pampillo, 66a<br \/>\nTazacorte<br \/>\nTel. 671 265 215<\/div>\n<div style=\"margin-top:15px;\"><span style=\"color:#007DD0;text-transform:uppercase;\">Steckbrief<\/span> Helmut Kiesewetter, geb. 1947, arbeitet als Maler, Fotograf, Objekt- und Installationsk\u00fcnstler. Seine Arbeiten umfassen Eis- und Videoinstallationen, Theaterprojekte, Aktionen, Zeichnungen, \u00dcbermalungen bis hin zur gro\u00dfformatigen \u00d6lmalerei auf Leinwand.<br \/>\nKiesewetter studierte an der Kunstakademie D\u00fcsseldorf und zeigte seine Arbeiten in vielen Ausstellungen in Deutschland, Spanien, Italien, \u00d6sterreich, Schweiz, USA und Australien.<br \/>\nEr lebt und arbeitet in Wuppertal und seit 1997 auch auf La Palma, wo er auch die Kochenille f\u00fcr seine Malerei entdeckte. Seine  letzten Ausstellungen auf La Palma sind auf Youtube unter Helmut Kiesewetter dokumentiert.<\/div>\n<div style=\"margin-top:15px;\"><img loading=\"lazy\" decoding=\"async\" src=\"http:\/\/www.disfrutalapalma.com\/wp-content\/uploads\/HelmutKiesewetter_3-15-2-2.jpg\" alt=\"\" title=\"HelmutKiesewetter_3-15-2-2\" width=\"305\" height=\"359\" class=\"alignnone size-full wp-image-15714\" srcset=\"https:\/\/www.disfrutalapalma.com\/wp-content\/uploads\/HelmutKiesewetter_3-15-2-2.jpg 305w, https:\/\/www.disfrutalapalma.com\/wp-content\/uploads\/HelmutKiesewetter_3-15-2-2-254x300.jpg 254w, https:\/\/www.disfrutalapalma.com\/wp-content\/uploads\/HelmutKiesewetter_3-15-2-2-84x100.jpg 84w\" sizes=\"auto, (max-width: 305px) 100vw, 305px\" \/><\/div>\n<\/div>\n<p><!-- *** Ende Rechte Spalte ***--><\/p>\n<div style=\"clear:both;\"><\/div>\n<div style=\"margin-top:15px;\"><img loading=\"lazy\" decoding=\"async\" src=\"http:\/\/www.disfrutalapalma.com\/wp-content\/uploads\/HelmutKiesewetter_3-15-3.jpg\" alt=\"\" title=\"HelmutKiesewetter_3-15-3\" width=\"640\" height=\"908\" class=\"alignnone size-full wp-image-15713\" srcset=\"https:\/\/www.disfrutalapalma.com\/wp-content\/uploads\/HelmutKiesewetter_3-15-3.jpg 640w, https:\/\/www.disfrutalapalma.com\/wp-content\/uploads\/HelmutKiesewetter_3-15-3-211x300.jpg 211w, https:\/\/www.disfrutalapalma.com\/wp-content\/uploads\/HelmutKiesewetter_3-15-3-70x100.jpg 70w\" sizes=\"auto, (max-width: 640px) 100vw, 640px\" \/><\/div>\n<\/div>\n<p><!-- ******************** Ende Helmut Kiesewetter ****************** --><\/p>\n<div style=\"margin-bottom:20px;\"><!-- *********************** Ina Irmen ********************* --><\/p>\n<div style=\"float:left;width:305px;border-right:solid 10px #c96802;margin-right:20px;\"><!-- *** Linke Spalte ***--><\/p>\n<div style=\"height:60px;margin-top:-24px;font-family: 'Open Sans', sans-serif; background-color:#000;padding-top:10px;padding-bottom:0px;text-align:center;text-transform:uppercase;\">\n<p style=\"margin-top:0px;margin-bottom:-4px;px;color:#FFF;font-weight:300;font-size:18px;line-height:10px;\">Designerin<\/p>\n<p><\/p>\n<p style=\"color:#c96802;font-weight:800;font-size:50px;\">Artista<\/p>\n<\/div>\n<div><img loading=\"lazy\" decoding=\"async\" src=\"http:\/\/www.disfrutalapalma.com\/wp-content\/uploads\/InaIrmen_3-15-1.jpg\" alt=\"\" title=\"InaIrmen_3-15-1\" width=\"305\" height=\"388\" class=\"alignnone size-full wp-image-15719\" srcset=\"https:\/\/www.disfrutalapalma.com\/wp-content\/uploads\/InaIrmen_3-15-1.jpg 305w, https:\/\/www.disfrutalapalma.com\/wp-content\/uploads\/InaIrmen_3-15-1-235x300.jpg 235w, https:\/\/www.disfrutalapalma.com\/wp-content\/uploads\/InaIrmen_3-15-1-78x100.jpg 78w\" sizes=\"auto, (max-width: 305px) 100vw, 305px\" \/><\/div>\n<div style=\"padding-right:15px;\"><span style=\"color:#c96802;text-transform:uppercase;\">Steckbrief<\/span> Die geb\u00fcrtige Duisburgerin lebt und arbeitet seit sechs Jahren als selbst\u00e4ndige Schmuckdesignerin auf La Palma und verarbeitet u.a. handgefertigte afrikanische Perlen aus recycletem Glas, ausdrucksstarke Halbedelsteine und ausgesuchte Edelmetalle, die sie von ihren Reisen durch die ganze Welt mitbringt, zu einer v\u00f6llig eigenen Schmuck-\u00c4sthetik. Ihre Perlenschmuck-Unikate genie\u00dfen bei Kennern mittlerweile einen exzellenten Ruf &#8211; auch weit \u00fcber La Palma hinaus.<\/div>\n<\/div>\n<p><!-- *** Ende Linke Spalte ***--><\/p>\n<div style=\"float:left;width:305px;height:300px;\"><!-- *** Rechte Spalte ***--><\/p>\n<div style=\"font-family: 'Waiting for the Sunrise', cursive;font-size:60px;line-height:55px;\">Ina Irmen<\/div>\n<div style=\"font-size:20px;\">Schmuckdesignerin<\/div>\n<div style=\"margin-top:10px;\">Camino Los Riveroles 26b, Tijarafe\/Tinizara, Tel. 637 038 515<br \/>\nJeden Sonntag a.d. Flohmarkt in Los Llanos \/ Argual<\/div>\n<div style=\"margin-top:35px;\"><img loading=\"lazy\" decoding=\"async\" src=\"http:\/\/www.disfrutalapalma.com\/wp-content\/uploads\/InaIrmen_3-15-2.jpg\" alt=\"\" title=\"InaIrmen_3-15-2\" width=\"305\" height=\"446\" class=\"alignnone size-full wp-image-15721\" srcset=\"https:\/\/www.disfrutalapalma.com\/wp-content\/uploads\/InaIrmen_3-15-2.jpg 305w, https:\/\/www.disfrutalapalma.com\/wp-content\/uploads\/InaIrmen_3-15-2-205x300.jpg 205w, https:\/\/www.disfrutalapalma.com\/wp-content\/uploads\/InaIrmen_3-15-2-68x100.jpg 68w\" sizes=\"auto, (max-width: 305px) 100vw, 305px\" \/><\/div>\n<\/div>\n<p><!-- *** Ende Rechte Spalte ***--><\/p>\n<div style=\"clear:both;\"><\/div>\n<div style=\"margin-top:0px;\"><img loading=\"lazy\" decoding=\"async\" src=\"http:\/\/www.disfrutalapalma.com\/wp-content\/uploads\/InaIrmen_3-15-3.jpg\" alt=\"\" title=\"InaIrmen_3-15-3\" width=\"640\" height=\"245\" class=\"alignnone size-full wp-image-15724\" srcset=\"https:\/\/www.disfrutalapalma.com\/wp-content\/uploads\/InaIrmen_3-15-3.jpg 640w, https:\/\/www.disfrutalapalma.com\/wp-content\/uploads\/InaIrmen_3-15-3-300x114.jpg 300w, https:\/\/www.disfrutalapalma.com\/wp-content\/uploads\/InaIrmen_3-15-3-100x38.jpg 100w\" sizes=\"auto, (max-width: 640px) 100vw, 640px\" \/><\/div>\n<\/div>\n<p><!-- ******************** Ende Ina Irmen ****************** --><\/p>\n<div style=\"\"><!-- *********************** Karin Aichele ********************* --><\/p>\n<div style=\"float:left;width:305px;border-right:solid 10px #03AB00;margin-right:20px;\"><!-- *** Linke Spalte ***--><\/p>\n<div style=\"height:60px;margin-top:-24px;font-family: 'Open Sans', sans-serif; background-color:#000;padding-top:10px;padding-bottom:0px;text-align:center;text-transform:uppercase;\">\n<p style=\"margin-top:0px;margin-bottom:-4px;px;color:#FFF;font-weight:300;font-size:18px;line-height:10px;\">K\u00fcnstlerin<\/p>\n<p><\/p>\n<p style=\"color:#03AB00;font-weight:800;font-size:50px;\">Artista<\/p>\n<\/div>\n<div><img loading=\"lazy\" decoding=\"async\" src=\"http:\/\/www.disfrutalapalma.com\/wp-content\/uploads\/KarinAichele_3-15-1.jpg\" alt=\"\" title=\"KarinAichele_3-15-1\" width=\"305\" height=\"388\" class=\"alignnone size-full wp-image-15728\" srcset=\"https:\/\/www.disfrutalapalma.com\/wp-content\/uploads\/KarinAichele_3-15-1.jpg 305w, https:\/\/www.disfrutalapalma.com\/wp-content\/uploads\/KarinAichele_3-15-1-235x300.jpg 235w, https:\/\/www.disfrutalapalma.com\/wp-content\/uploads\/KarinAichele_3-15-1-78x100.jpg 78w\" sizes=\"auto, (max-width: 305px) 100vw, 305px\" \/><\/div>\n<div style=\"position:relative;z-index:1;padding-right:15px;\"><span style=\"color:#03AB00;text-transform:uppercase;\">Steckbrief<\/span> Karin Aichele hat nach ihrem Studium an der Kunstakademie Stuttgart in renommierten Werbeagenturen gearbeitet und sich 1982 selbst\u00e4ndig gemacht. Als sie 1991 begann, als freie Malerin zu arbeiten, entstanden erste \u201egen\u00e4hte\u201c Holzbilder, die heute eine Synthese aus Plastik und Malerei darstellen und durch die Verwendung unterschiedlichster Strukturen eine dreidimensionale Tiefe haben. &#8211; Karin Aichele lebt und arbeitet seit 11 Jahren auf La Palma. Ausstellungen: Deutschland, Spanien und Italien.<\/div>\n<\/div>\n<p><!-- *** Ende Linke Spalte ***--><\/p>\n<div style=\"float:left;width:305px;height:300px;\"><!-- *** Rechte Spalte ***--><\/p>\n<div style=\"margin-top:-10px;font-family: 'Waiting for the Sunrise', cursive;font-size:60px;line-height:55px;\">Karin Aichele<\/div>\n<div style=\"font-size:20px;\">Malerin<\/div>\n<div style=\"margin-top:10px;\">Las Cabezadas, 3, 38780 Tijarafe, Tel. +34 &#8211; 692 847 814<br \/>\n<a href=\"mailto:karin.aichele@yahoo.es\">karin.aichele@yahoo.es<\/a><\/div>\n<div style=\"margin-top:5px;\">Jeden Sonntag a.d. Flohmarkt in Los Llanos \/ Argual<\/div>\n<div style=\"position:relative;z-index:4;margin-top:15px;\"><img loading=\"lazy\" decoding=\"async\" src=\"http:\/\/www.disfrutalapalma.com\/wp-content\/uploads\/KarinAichele_3-15-2.jpg\" alt=\"\" title=\"KarinAichele_3-15-2\" width=\"305\" height=\"478\" class=\"alignnone size-full wp-image-15730\" srcset=\"https:\/\/www.disfrutalapalma.com\/wp-content\/uploads\/KarinAichele_3-15-2.jpg 305w, https:\/\/www.disfrutalapalma.com\/wp-content\/uploads\/KarinAichele_3-15-2-191x300.jpg 191w, https:\/\/www.disfrutalapalma.com\/wp-content\/uploads\/KarinAichele_3-15-2-63x100.jpg 63w\" sizes=\"auto, (max-width: 305px) 100vw, 305px\" \/><\/div>\n<\/div>\n<p><!-- *** Ende Rechte Spalte ***--><\/p>\n<div style=\"clear:both;\"><\/div>\n<div style=\"position:relative;z-index:3;margin-top:-70px;\"><img loading=\"lazy\" decoding=\"async\" src=\"http:\/\/www.disfrutalapalma.com\/wp-content\/uploads\/KarinAichele_3-15-3.jpg\" alt=\"\" title=\"KarinAichele_3-15-3\" width=\"640\" height=\"314\" class=\"alignnone size-full wp-image-15731\" srcset=\"https:\/\/www.disfrutalapalma.com\/wp-content\/uploads\/KarinAichele_3-15-3.jpg 640w, https:\/\/www.disfrutalapalma.com\/wp-content\/uploads\/KarinAichele_3-15-3-300x147.jpg 300w, https:\/\/www.disfrutalapalma.com\/wp-content\/uploads\/KarinAichele_3-15-3-100x49.jpg 100w\" sizes=\"auto, (max-width: 640px) 100vw, 640px\" \/><\/div>\n<\/div>\n<p><!-- ******************** Ende Karin Aichele ****************** --><\/p>\n<div style=\"margin-bottom:20px;\"><!-- *********************** Ana Kaa ********************* --><\/p>\n<div style=\"float:left;width:305px;border-right:solid 10px #c96802;margin-right:20px;\"><!-- *** Linke Spalte ***--><\/p>\n<div style=\"height:60px;margin-top:-24px;font-family: 'Open Sans', sans-serif; background-color:#000;padding-top:10px;padding-bottom:0px;text-align:center;text-transform:uppercase;\">\n<p style=\"margin-top:0px;margin-bottom:-4px;px;color:#FFF;font-weight:300;font-size:18px;line-height:10px;\">K\u00fcnstlerin<\/p>\n<p><\/p>\n<p style=\"color:#c96802;font-weight:800;font-size:50px;\">Artista<\/p>\n<\/div>\n<div><img loading=\"lazy\" decoding=\"async\" src=\"http:\/\/www.disfrutalapalma.com\/wp-content\/uploads\/AnaKaa_3-15-1.jpg\" alt=\"\" title=\"AnaKaa_3-15-1\" width=\"305\" height=\"388\" class=\"alignnone size-full wp-image-15737\" srcset=\"https:\/\/www.disfrutalapalma.com\/wp-content\/uploads\/AnaKaa_3-15-1.jpg 305w, https:\/\/www.disfrutalapalma.com\/wp-content\/uploads\/AnaKaa_3-15-1-235x300.jpg 235w, https:\/\/www.disfrutalapalma.com\/wp-content\/uploads\/AnaKaa_3-15-1-78x100.jpg 78w\" sizes=\"auto, (max-width: 305px) 100vw, 305px\" \/><\/div>\n<div style=\"padding-right:15px;\"><span style=\"color:#c96802;text-transform:uppercase;\">Steckbrief<\/span> Annerose Krebs alias Ana Kaa wurde 1951 in Frankfurt\/Main geboren und hat ihr ganzes Leben kreativ gearbeitet. Seit 1994 lebt und arbeitet sie als Malerin auf La Palma. &#8211; Ihre Malerei ist sehr experimentell, sie legt gro\u00dfen Wert auf Strukturen. F\u00fcr ihre Bilder, die man mehr als Collagen bezeichnen kann, benutzt sie unterschiedlichste Materialien, ihre Farben sind \u00fcberwiegend Acryl, Gouache und Lackspray. Ausstellungen: Deutschland und La Palma.<\/div>\n<\/div>\n<p><!-- *** Ende Linke Spalte ***--><\/p>\n<div style=\"float:left;width:305px;height:300px;\"><!-- *** Rechte Spalte ***--><\/p>\n<div style=\"margin-top:-15px;font-family: 'Waiting for the Sunrise', cursive;font-size:60px;line-height:55px;\">Ana Kaa<\/div>\n<div style=\"font-size:20px;\">Malerin<\/div>\n<div style=\"margin-top:10px;\">Annerose Krebs &#8211; Ana Kaa<br \/>\nHoya de la Lera, 10, 38780 Tijarafe &#8211; El Pinar<br \/>\nTel. +34 &#8211; 922 49 12 83, M\u00f3vil +34 &#8211; 620 449 669<br \/>\n<a href=\"mailto:annerose.krebs@gmail.com\">annerose.krebs@gmail.com<\/a>, <a href=\"http:\/\/www.annerosekrebs.com\" target=\"_blank\">www.annerosekrebs.com<\/a><\/div>\n<div style=\"margin-top:5px;\">Ausstellung im Kunstraum La Palma\/Tazacorte: 25.7.-7.8.2015<\/div>\n<div style=\"margin-top:15px;\"><img loading=\"lazy\" decoding=\"async\" src=\"http:\/\/www.disfrutalapalma.com\/wp-content\/uploads\/AnaKaa_3-15-2.jpg\" alt=\"\" title=\"AnaKaa_3-15-2\" width=\"305\" height=\"425\" class=\"alignnone size-full wp-image-15740\" srcset=\"https:\/\/www.disfrutalapalma.com\/wp-content\/uploads\/AnaKaa_3-15-2.jpg 305w, https:\/\/www.disfrutalapalma.com\/wp-content\/uploads\/AnaKaa_3-15-2-215x300.jpg 215w, https:\/\/www.disfrutalapalma.com\/wp-content\/uploads\/AnaKaa_3-15-2-71x100.jpg 71w\" sizes=\"auto, (max-width: 305px) 100vw, 305px\" \/><\/div>\n<\/div>\n<p><!-- *** Ende Rechte Spalte ***--><\/p>\n<div style=\"clear:both;\"><\/div>\n<div style=\"margin-top:25px;\"><img loading=\"lazy\" decoding=\"async\" src=\"http:\/\/www.disfrutalapalma.com\/wp-content\/uploads\/AnaKaa_3-15-3.jpg\" alt=\"\" title=\"AnaKaa_3-15-3\" width=\"640\" height=\"224\" class=\"alignnone size-full wp-image-15739\" srcset=\"https:\/\/www.disfrutalapalma.com\/wp-content\/uploads\/AnaKaa_3-15-3.jpg 640w, https:\/\/www.disfrutalapalma.com\/wp-content\/uploads\/AnaKaa_3-15-3-300x105.jpg 300w, https:\/\/www.disfrutalapalma.com\/wp-content\/uploads\/AnaKaa_3-15-3-100x35.jpg 100w\" sizes=\"auto, (max-width: 640px) 100vw, 640px\" \/><\/div>\n<\/div>\n<p><!-- ******************** Ende Ana Kaa ****************** --><\/p>\n<div style=\"margin-bottom:20px;\"><!-- *********************** Volcan Verde ********************* --><\/p>\n<div style=\"float:left;width:305px;border-right:solid 10px #03AB00;margin-right:20px;\"><!-- *** Linke Spalte ***--><\/p>\n<div style=\"height:60px;margin-top:-24px;font-family: 'Open Sans', sans-serif; background-color:#000;padding-top:10px;padding-bottom:0px;text-align:center;text-transform:uppercase;\">\n<p style=\"margin-top:0px;margin-bottom:-4px;px;color:#FFF;font-weight:300;font-size:18px;line-height:10px;\">Kunsthandwerker<\/p>\n<p><\/p>\n<p style=\"color:#03AB00;font-weight:800;font-size:50px;\">Artesano<\/p>\n<\/div>\n<div><img loading=\"lazy\" decoding=\"async\" src=\"http:\/\/www.disfrutalapalma.com\/wp-content\/uploads\/VolcanVerde_3-15-1.jpg\" alt=\"\" title=\"VolcanVerde_3-15-1\" width=\"305\" height=\"388\" class=\"alignnone size-full wp-image-15751\" \/><\/div>\n<\/div>\n<p><!-- *** Ende Linke Spalte ***--><\/p>\n<div style=\"float:left;width:305px;height:300px;\"><!-- *** Rechte Spalte ***--><\/p>\n<div style=\"font-family: 'Waiting for the Sunrise', cursive;font-size:60px;line-height:55px;\">Volc\u00e1n Verde<\/div>\n<div style=\"font-size:20px;\">Schmuckdesigner<\/div>\n<div style=\"margin-top:10px;\">Calle \u00c1ngel, 4, Tazacorte-Pueblo<br \/>\n(im Hauptdorf von Tazacorte, oberhalb der Kirche)<br \/>\nTel. +34 &#8211; 922 48 09 43<br \/>\n<a href=\"mailto:info@volcan-verde.com\">info@volcan-verde.com<\/a>, <a href=\"http:\/\/www.volcan-verde.com\" target=\"_blank\">www.volcan-verde.com<\/a><\/div>\n<div style=\"margin-top:30px;\"><span style=\"color:#03AB00;text-transform:uppercase;\">Steckbrief<\/span> Frank Hofmeister lebt und arbeitet seit 15 Jahren auf La Palma, seine Goldschmiede Volc\u00e1n Verde im Hauptdorf von Tazacorte besteht seit 9 Jahren und z\u00e4hlt mittlerweile zu den bedeutendsten Schmuckmanufakturen der Kanarischen Inseln. Das dreik\u00f6pfige Team kreiert hier einzigartige Schmuckst\u00fccke in einem sehr eigenen, sehr kreativen und sehr designorientierten Stil aus hochwertigen Edelmetallen, kostbaren Edelsteinen sowie aus Vulkangestein. Au\u00dferdem: Individuelle Schmuckst\u00fccke nach Kundenwunsch.<\/div>\n<\/div>\n<p><!-- *** Ende Rechte Spalte ***--><\/p>\n<div style=\"clear:both;\"><\/div>\n<div style=\"margin-top:-10px;\"><img loading=\"lazy\" decoding=\"async\" src=\"http:\/\/www.disfrutalapalma.com\/wp-content\/uploads\/VolcanVerde_3-15-2.jpg\" alt=\"\" title=\"VolcanVerde_3-15-2\" width=\"640\" height=\"433\" class=\"alignnone size-full wp-image-15752\" srcset=\"https:\/\/www.disfrutalapalma.com\/wp-content\/uploads\/VolcanVerde_3-15-2.jpg 640w, https:\/\/www.disfrutalapalma.com\/wp-content\/uploads\/VolcanVerde_3-15-2-300x202.jpg 300w, https:\/\/www.disfrutalapalma.com\/wp-content\/uploads\/VolcanVerde_3-15-2-100x67.jpg 100w\" sizes=\"auto, (max-width: 640px) 100vw, 640px\" \/><\/div>\n<\/div>\n<p><!-- ******************** Ende Volcan Verde ****************** --><\/p>\n<div style=\"margin-bottom:20px;\"><!-- *********************** Peter Hermans ********************* --><\/p>\n<div style=\"float:left;width:305px;border-right:solid 10px #c96802;margin-right:20px;\"><!-- *** Linke Spalte ***--><\/p>\n<div style=\"height:60px;margin-top:-24px;font-family: 'Open Sans', sans-serif; background-color:#000;padding-top:10px;padding-bottom:0px;text-align:center;text-transform:uppercase;\">\n<p style=\"margin-top:0px;margin-bottom:-4px;px;color:#FFF;font-weight:300;font-size:18px;line-height:10px;\">K\u00fcnstler<\/p>\n<p><\/p>\n<p style=\"color:#c96802;font-weight:800;font-size:50px;\">Artista<\/p>\n<\/div>\n<div><img loading=\"lazy\" decoding=\"async\" src=\"http:\/\/www.disfrutalapalma.com\/wp-content\/uploads\/PeterHermans_3-15-1.jpg\" alt=\"\" title=\"PeterHermans_3-15-1\" width=\"305\" height=\"388\" class=\"alignnone size-full wp-image-15756\" srcset=\"https:\/\/www.disfrutalapalma.com\/wp-content\/uploads\/PeterHermans_3-15-1.jpg 305w, https:\/\/www.disfrutalapalma.com\/wp-content\/uploads\/PeterHermans_3-15-1-235x300.jpg 235w, https:\/\/www.disfrutalapalma.com\/wp-content\/uploads\/PeterHermans_3-15-1-78x100.jpg 78w\" sizes=\"auto, (max-width: 305px) 100vw, 305px\" \/><\/div>\n<\/div>\n<p><!-- *** Ende Linke Spalte ***--><\/p>\n<div style=\"float:left;width:305px;\"><!-- *** Rechte Spalte ***--><\/p>\n<div style=\"margin-top:-15px;font-family: 'Waiting for the Sunrise', cursive;font-size:60px;line-height:55px;\">Peter Hermans<\/div>\n<div style=\"font-size:20px;\">Maler<\/div>\n<div style=\"margin-top:10px;\">Galerie im Atelier<br \/>\nSamstags von 14:00 h bis 18:00 h oder nach Vereinbarung<\/div>\n<div style=\"margin-top:5px;\">Puntagorda, Camino la Oliva, 5, Tel. 922 493 131<br \/>\n<a href=\"mailto:palmarte@movistar.es\">palmarte@movistar.es<\/a>, <a href=\"http:\/\/www.hef-painting.nl\" target=\"_blank\">www.hef-painting.nl<\/a><br \/>\n<a href=\"http:\/\/www.peter-hermans.com\" target=\"_blank\">www.peter-hermans.com<\/a>, <a href=\"http:\/\/www.salomeartventure.com\" target=\"_blank\">www.salomeartventure.com<\/a><\/div>\n<div style=\"margin-top:10px;\"><span style=\"color:#c96802;text-transform:uppercase;\">Steckbrief<\/span> Nach Studien in Maastricht\/Holland und Toronto\/Canada fertigte Peter Hermans viele Auftragsarbeiten im Bereich Skulpturen\/Monumentale Kunst. Nach einem Schicksalsschlag im Jahr 2006 begann er, seine bis dahin dreidimensionale Arbeit auf zweidimensionale Medien zu adaptieren: In seinen Werken auf Leinwand und Papier treffen sich fig\u00fcrliche mit abstrakten und surrealistischen Elementen. Interessant: Um seine Arbeit auch f\u00fcr einen breiteren Interessentenkreis erschwinglich zu machen, bietet Peter Hermans neben dem Original auch hochwertige und zertifizierte Original-Reproduktionen in einer Auflage zwischen 5 und maximal 10 Exemplaren.<\/div>\n<\/div>\n<p><!-- *** Ende Rechte Spalte ***--><\/p>\n<div style=\"clear:both;\"><\/div>\n<div style=\"margin-top:15px;\"><img loading=\"lazy\" decoding=\"async\" src=\"http:\/\/www.disfrutalapalma.com\/wp-content\/uploads\/PeterHermans_3-15-2.jpg\" alt=\"\" title=\"PeterHermans_3-15-2\" width=\"640\" height=\"400\" class=\"alignnone size-full wp-image-15762\" srcset=\"https:\/\/www.disfrutalapalma.com\/wp-content\/uploads\/PeterHermans_3-15-2.jpg 640w, https:\/\/www.disfrutalapalma.com\/wp-content\/uploads\/PeterHermans_3-15-2-300x187.jpg 300w, https:\/\/www.disfrutalapalma.com\/wp-content\/uploads\/PeterHermans_3-15-2-100x62.jpg 100w\" sizes=\"auto, (max-width: 640px) 100vw, 640px\" \/><\/div>\n<div style=\"margin-top:0px;font-size:12px;font-style:italic;\">\u201ePainting the landscape\u201c &#8211; 160 x 100 cm<\/div>\n<div style=\"margin-top:15px;\"><img loading=\"lazy\" decoding=\"async\" src=\"http:\/\/www.disfrutalapalma.com\/wp-content\/uploads\/PeterHermans_3-15-3.jpg\" alt=\"\" title=\"PeterHermans_3-15-3\" width=\"640\" height=\"779\" class=\"alignnone size-full wp-image-15763\" srcset=\"https:\/\/www.disfrutalapalma.com\/wp-content\/uploads\/PeterHermans_3-15-3.jpg 640w, https:\/\/www.disfrutalapalma.com\/wp-content\/uploads\/PeterHermans_3-15-3-246x300.jpg 246w, https:\/\/www.disfrutalapalma.com\/wp-content\/uploads\/PeterHermans_3-15-3-82x100.jpg 82w\" sizes=\"auto, (max-width: 640px) 100vw, 640px\" \/><\/div>\n<div style=\"margin-top:0px;font-size:12px;font-style:italic;\">The widower &#8211; 115 x 140 cm<\/div>\n<\/div>\n<p><!-- ******************** Ende Peter Hermans ****************** --><\/p>\n<div style=\"margin-bottom:20px;\"><!-- *********************** Erhard Aichele ********************* --><\/p>\n<div style=\"float:left;width:305px;border-right:solid 10px #007DD0;margin-right:20px;\"><!-- *** Linke Spalte ***--><\/p>\n<div style=\"height:60px;margin-top:-24px;font-family: 'Open Sans', sans-serif; background-color:#000;padding-top:10px;padding-bottom:0px;text-align:center;text-transform:uppercase;\">\n<p style=\"margin-top:0px;margin-bottom:-4px;px;color:#FFF;font-weight:300;font-size:18px;line-height:10px;\">K\u00fcnstler<\/p>\n<p><\/p>\n<p style=\"color:#007DD0;font-weight:800;font-size:50px;\">Artista<\/p>\n<\/div>\n<div><img loading=\"lazy\" decoding=\"async\" src=\"http:\/\/www.disfrutalapalma.com\/wp-content\/uploads\/ErhardAichele_3-15-1.jpg\" alt=\"\" title=\"ErhardAichele_3-15-1\" width=\"305\" height=\"388\" class=\"alignnone size-full wp-image-15769\" srcset=\"https:\/\/www.disfrutalapalma.com\/wp-content\/uploads\/ErhardAichele_3-15-1.jpg 305w, https:\/\/www.disfrutalapalma.com\/wp-content\/uploads\/ErhardAichele_3-15-1-235x300.jpg 235w, https:\/\/www.disfrutalapalma.com\/wp-content\/uploads\/ErhardAichele_3-15-1-78x100.jpg 78w\" sizes=\"auto, (max-width: 305px) 100vw, 305px\" \/><\/div>\n<\/div>\n<p><!-- *** Ende Linke Spalte ***--><\/p>\n<div style=\"float:left;width:305px;\"><!-- *** Rechte Spalte ***--><\/p>\n<div style=\"margin-top:-15px;font-family: 'Waiting for the Sunrise', cursive;font-size:60px;line-height:55px;\">Erhard Aichele<\/div>\n<div style=\"font-size:20px;\">Glasmaler<\/div>\n<div style=\"margin-top:10px;\">Las Cabezadas, 3, 38780 Tijarafe, Tel. +34 &#8211; 692 847 814<br \/>\n<a href=\"mailto:erhard-aichele@hotmail.com\">erhard-aichele@hotmail.com<\/a>, <a href=\"http:\/\/www.aichelehans.artists.de\" target=\"_blank\">www.aichelehans.artists.de<\/a><\/div>\n<div style=\"margin-top:5px;\">Jeden Sonntag a.d. Flohmarkt in Los Llanos \/ Argual<\/div>\n<div style=\"margin-top:30px;\"><span style=\"color:#007DD0;text-transform:uppercase;\">Steckbrief<\/span> Glasmaler Erhard Aichele lebt und arbeitet seit 11 Jahren auf La Palma. Die geb\u00e4ndigte Transparenz des Glases, wie er es selbst nennt, verlockt ihn zu immer neuen Erfahrungen. Die betont dynamische Linienf\u00fchrung in seinen Werken steht im Gleichklang zum stark akzentuierten Einsatz der Farbgebung. Opake Rasterfl\u00e4chen, in Spritztechnik \u00fcberlagerte Mattierungen und gezielt eingesetzte, mehrfarbige Spr\u00fchraster bez\u00e4hmen den Werkstoff Glas in seiner k\u00fchlen N\u00fcchternheit. Realisiert werden die Arbeiten in perfekt beherrschter Kupferfolientechnik.<\/div>\n<\/div>\n<p><!-- *** Ende Rechte Spalte ***--><\/p>\n<div style=\"clear:both;\"><\/div>\n<div style=\"margin-top:15px;\"><img loading=\"lazy\" decoding=\"async\" src=\"http:\/\/www.disfrutalapalma.com\/wp-content\/uploads\/ErhardAichele_3-15-2.jpg\" alt=\"\" title=\"ErhardAichele_3-15-2\" width=\"640\" height=\"412\" class=\"alignnone size-full wp-image-15770\" srcset=\"https:\/\/www.disfrutalapalma.com\/wp-content\/uploads\/ErhardAichele_3-15-2.jpg 640w, https:\/\/www.disfrutalapalma.com\/wp-content\/uploads\/ErhardAichele_3-15-2-300x193.jpg 300w, https:\/\/www.disfrutalapalma.com\/wp-content\/uploads\/ErhardAichele_3-15-2-100x64.jpg 100w\" sizes=\"auto, (max-width: 640px) 100vw, 640px\" \/><\/div>\n<\/div>\n<p><!-- ******************** Ende Erhard Aichele ****************** --><\/p>\n<div style=\"height:865px;margin-bottom:20px;background-image:url(http:\/\/www.disfrutalapalma.com\/wp-content\/uploads\/SteffenHeydemann_3-15-2.jpg)\"><!-- *********************** Steffen Heydemann ********************* --><\/p>\n<div style=\"float:left;width:305px;border-right:solid 10px #03AB00;margin-right:20px;\"><!-- *** Linke Spalte ***--><\/p>\n<div style=\"height:60px;margin-top:-24px;font-family: 'Open Sans', sans-serif; background-color:#000;padding-top:10px;padding-bottom:0px;text-align:center;text-transform:uppercase;\">\n<p style=\"margin-top:0px;margin-bottom:-4px;px;color:#FFF;font-weight:300;font-size:18px;line-height:10px;\">Kunsthandwerker<\/p>\n<p><\/p>\n<p style=\"color:#03AB00;font-weight:800;font-size:50px;\">Artesano<\/p>\n<\/div>\n<div><img loading=\"lazy\" decoding=\"async\" src=\"http:\/\/www.disfrutalapalma.com\/wp-content\/uploads\/SteffenHeydemann_3-15-1.jpg\" alt=\"\" title=\"SteffenHeydemann_3-15-1\" width=\"305\" height=\"388\" class=\"alignnone size-full wp-image-15772\" srcset=\"https:\/\/www.disfrutalapalma.com\/wp-content\/uploads\/SteffenHeydemann_3-15-1.jpg 305w, https:\/\/www.disfrutalapalma.com\/wp-content\/uploads\/SteffenHeydemann_3-15-1-235x300.jpg 235w, https:\/\/www.disfrutalapalma.com\/wp-content\/uploads\/SteffenHeydemann_3-15-1-78x100.jpg 78w\" sizes=\"auto, (max-width: 305px) 100vw, 305px\" \/><\/div>\n<div style=\"\"><span style=\"color:#03AB00;text-transform:uppercase;\">Steckbrief<\/span> Der aus einem traditionellen Berliner Goldschmiedebetrieb stammende Goldschmiedemeister und Edelsteinsachverst\u00e4ndige Steffen Heydemann feiert in diesem Jahr ein Doppel-Jubil\u00e4um: 60-j\u00e4hriges Bestehen der renommierten Berliner Juwelenschmiede und 25-j\u00e4hriges Betriebsjubil\u00e4um auf La Palma. Steffen ist auf der Isla Bonita einer der wenigen Fachleute f\u00fcr wirklich feine Juwelen &#038; individuelle Anfertigungen nach Kundenwunsch sowie f\u00fcr hochwertige Reparaturen und Umarbeitungen!<\/div>\n<\/div>\n<p><!-- *** Ende Linke Spalte ***--><\/p>\n<div style=\"float:left;width:305px;\"><!-- *** Rechte Spalte ***--><\/p>\n<div style=\"font-family: 'Waiting for the Sunrise', cursive;font-size:60px;line-height:55px;\">Steffen Heydemann<\/div>\n<div style=\"font-size:20px;\">Goldschmiedemeister<\/div>\n<div style=\"margin-top:10px;\">El Orfebre | Der Goldschmied<br \/>\nC\/Calvo Sotelo, 10, Los Llanos de Aridane<br \/>\nTel. +34 &#8211; 922 46 20 12<br \/>\n<a href=\"mailto:mail@el-orfebre-la-palma.com\">mail@el-orfebre-la-palma.com<\/a><\/div>\n<\/div>\n<p><!-- *** Ende Rechte Spalte ***--><\/p>\n<div style=\"clear:both;\"><\/div>\n<div style=\"margin-top:12px;margin-left:50px;font-weight:800;\">Innovation von Steffen Heydemann: der Drehring &#8211; vier Schmuckst\u00fccke in einem.<\/div>\n<\/div>\n<p><!-- ******************** Ende Steffen Heydemann ****************** --><\/p>\n<div style=\"margin-bottom:20px;\"><!-- *********************** Puros Julio ********************* --><\/p>\n<div style=\"float:left;width:305px;border-right:solid 10px #007DD0;margin-right:20px;\"><!-- *** Linke Spalte ***--><\/p>\n<div style=\"height:60px;margin-top:-24px;font-family: 'Open Sans', sans-serif; background-color:#000;padding-top:10px;padding-bottom:0px;text-align:center;text-transform:uppercase;\">\n<p style=\"margin-top:0px;margin-bottom:-4px;px;color:#FFF;font-weight:300;font-size:18px;line-height:10px;\">Kunsthandwerker<\/p>\n<p><\/p>\n<p style=\"color:#007DD0;font-weight:800;font-size:50px;\">Artesanos<\/p>\n<\/div>\n<div><img loading=\"lazy\" decoding=\"async\" src=\"http:\/\/www.disfrutalapalma.com\/wp-content\/uploads\/PurosJulio_3-15-1.jpg\" alt=\"\" title=\"PurosJulio_3-15-1\" width=\"305\" height=\"757\" class=\"alignnone size-full wp-image-15777\" srcset=\"https:\/\/www.disfrutalapalma.com\/wp-content\/uploads\/PurosJulio_3-15-1.jpg 305w, https:\/\/www.disfrutalapalma.com\/wp-content\/uploads\/PurosJulio_3-15-1-40x100.jpg 40w\" sizes=\"auto, (max-width: 305px) 100vw, 305px\" \/><\/div>\n<\/div>\n<p><!-- *** Ende Linke Spalte ***--><\/p>\n<div style=\"float:left;width:305px;\"><!-- *** Rechte Spalte ***--><\/p>\n<div style=\"margin-top:-25px;font-family: 'Waiting for the Sunrise', cursive;font-size:60px;line-height:55px;letter-spacing: -2px;\">Puros Artesanos Julio<\/div>\n<div style=\"font-size:20px;\">Zigarrenmanufaktur<\/div>\n<div style=\"margin-top:10px;letter-spacing: -1px;\">San Pedro \/ Bre\u00f1a Alta, Buenavista de Arriba<br \/>\nC\/Cabaigu\u00e1n, 14, Tel. 922 429 348<br \/>\n<a href=\"http:\/\/www.purosartesanosjulio.com\" target=\"_blank\">www.purosartesanosjulio.com<\/a>, <a href=\"mailto:contacto@purosartesanosjulio.com\">contacto@purosartesanosjulio.com<\/a><\/div>\n<div style=\"margin-top:10px;\"><span style=\"color:#007DD0;text-transform:uppercase;\">Steckbrief<\/span> Bereits in der zweiten Generation, geh\u00f6rt die Zigarrenmanufaktur Puros Artesanos Julio in San Pedro\/Bre\u00f1a Alta zu den bekanntesten Zigarrenherstellern der Kanarischen Inseln. Hier wird noch jede einzelne Zigarre traditionell und kunstvoll von Hand gefertigt, hier weht noch der Wind der \u201eguten alten Zeit\u201c. Selbst der Tabak wird auf der eigenen Plantage selbst gezogen, fermentiert und getrocknet. &#8211; Wer sich das alles gern einmal ansehen m\u00f6chte, den hei\u00dfen die beiden Juniorchefs Julio und David herzlich willkommen und f\u00fchren pers\u00f6nlich durch die Manufaktur und die Plantage. Sehr empfehlenswert!<\/div>\n<div style=\"margin-top:15px;\"><img loading=\"lazy\" decoding=\"async\" src=\"http:\/\/www.disfrutalapalma.com\/wp-content\/uploads\/PurosJulio_3-15-2.jpg\" alt=\"\" title=\"PurosJulio_3-15-2\" width=\"305\" height=\"419\" class=\"alignnone size-full wp-image-15778\" srcset=\"https:\/\/www.disfrutalapalma.com\/wp-content\/uploads\/PurosJulio_3-15-2.jpg 305w, https:\/\/www.disfrutalapalma.com\/wp-content\/uploads\/PurosJulio_3-15-2-218x300.jpg 218w, https:\/\/www.disfrutalapalma.com\/wp-content\/uploads\/PurosJulio_3-15-2-72x100.jpg 72w\" sizes=\"auto, (max-width: 305px) 100vw, 305px\" \/><\/div>\n<\/div>\n<p><!-- *** Ende Rechte Spalte ***--><\/p>\n<div style=\"clear:both;\"><\/div>\n<div style=\"margin-top:15px;\"><img loading=\"lazy\" decoding=\"async\" src=\"http:\/\/www.disfrutalapalma.com\/wp-content\/uploads\/PurosJulio_3-15-3.jpg\" alt=\"\" title=\"PurosJulio_3-15-3\" width=\"640\" height=\"865\" class=\"alignnone size-full wp-image-15779\" srcset=\"https:\/\/www.disfrutalapalma.com\/wp-content\/uploads\/PurosJulio_3-15-3.jpg 640w, https:\/\/www.disfrutalapalma.com\/wp-content\/uploads\/PurosJulio_3-15-3-221x300.jpg 221w, https:\/\/www.disfrutalapalma.com\/wp-content\/uploads\/PurosJulio_3-15-3-73x100.jpg 73w\" sizes=\"auto, (max-width: 640px) 100vw, 640px\" \/><\/div>\n<\/div>\n<p><!-- ******************** Ende Puros Julio ****************** --><\/p>\n<\/div>\n<div class=\"associated-posts title-full-content\"><\/div>\n","protected":false},"excerpt":{"rendered":"","protected":false},"author":3004,"featured_media":16031,"comment_status":"closed","ping_status":"closed","sticky":false,"template":"","format":"standard","meta":{"_acf_changed":false,"footnotes":""},"categories":[16],"tags":[],"class_list":["post-16029","post","type-post","status-publish","format-standard","has-post-thumbnail","hentry","category-cat_archiv"],"acf":[],"_links":{"self":[{"href":"https:\/\/www.disfrutalapalma.com\/de\/wp-json\/wp\/v2\/posts\/16029","targetHints":{"allow":["GET"]}}],"collection":[{"href":"https:\/\/www.disfrutalapalma.com\/de\/wp-json\/wp\/v2\/posts"}],"about":[{"href":"https:\/\/www.disfrutalapalma.com\/de\/wp-json\/wp\/v2\/types\/post"}],"author":[{"embeddable":true,"href":"https:\/\/www.disfrutalapalma.com\/de\/wp-json\/wp\/v2\/users\/3004"}],"replies":[{"embeddable":true,"href":"https:\/\/www.disfrutalapalma.com\/de\/wp-json\/wp\/v2\/comments?post=16029"}],"version-history":[{"count":5,"href":"https:\/\/www.disfrutalapalma.com\/de\/wp-json\/wp\/v2\/posts\/16029\/revisions"}],"predecessor-version":[{"id":16126,"href":"https:\/\/www.disfrutalapalma.com\/de\/wp-json\/wp\/v2\/posts\/16029\/revisions\/16126"}],"wp:featuredmedia":[{"embeddable":true,"href":"https:\/\/www.disfrutalapalma.com\/de\/wp-json\/wp\/v2\/media\/16031"}],"wp:attachment":[{"href":"https:\/\/www.disfrutalapalma.com\/de\/wp-json\/wp\/v2\/media?parent=16029"}],"wp:term":[{"taxonomy":"category","embeddable":true,"href":"https:\/\/www.disfrutalapalma.com\/de\/wp-json\/wp\/v2\/categories?post=16029"},{"taxonomy":"post_tag","embeddable":true,"href":"https:\/\/www.disfrutalapalma.com\/de\/wp-json\/wp\/v2\/tags?post=16029"}],"curies":[{"name":"wp","href":"https:\/\/api.w.org\/{rel}","templated":true}]}}