{"id":15788,"date":"2015-06-30T09:59:37","date_gmt":"2015-06-30T08:59:37","guid":{"rendered":"http:\/\/www.disfrutalapalma.com\/?p=15788"},"modified":"2015-06-30T10:41:56","modified_gmt":"2015-06-30T09:41:56","slug":"spannend-kostenlos-die-nacht-der-vulkane","status":"publish","type":"post","link":"https:\/\/www.disfrutalapalma.com\/de\/2015\/06\/spannend-kostenlos-die-nacht-der-vulkane\/","title":{"rendered":"Spannend &#038; kostenlos: Die Nacht der Vulkane!"},"content":{"rendered":"<div style=\"font-size:36px;line-height:36px;margin-bottom:8px;\">F\u00fcr eine Nacht Vulkanologe!<\/div>\n<div style=\"text-align:center;\"><img loading=\"lazy\" decoding=\"async\" src=\"http:\/\/www.disfrutalapalma.com\/wp-content\/uploads\/Noches-de-Los-Volcanes_3-15.jpg\" alt=\"Noche de Volcanes\" title=\"Noches-de-Los-Volcanes_3-15\" width=\"542\" height=\"338\" class=\"alignnone size-full wp-image-14703\" srcset=\"https:\/\/www.disfrutalapalma.com\/wp-content\/uploads\/Noches-de-Los-Volcanes_3-15.jpg 542w, https:\/\/www.disfrutalapalma.com\/wp-content\/uploads\/Noches-de-Los-Volcanes_3-15-300x187.jpg 300w, https:\/\/www.disfrutalapalma.com\/wp-content\/uploads\/Noches-de-Los-Volcanes_3-15-100x62.jpg 100w\" sizes=\"auto, (max-width: 542px) 100vw, 542px\" \/><\/div>\n<div style=\"margin-top:10px;\">\n<p style=\"margin-top:0px;margin-bottom:0px;\">Sind Sie Ende September auf La Palma? Dann sollten Sie nicht die Gelegenheit verpassen, eine tolle Erfahrung zu machen: Am Freitag, dem 25. September, veranstaltet La Palma \u201eDie Nacht der Vulkane*\u201c. Die Gemeinde Fuencaliente ist bereits zum vierten Mal Gastgeber der \u201eNacht der europ\u00e4ischen Forscher\u201c. Die n\u00e4chtliche Forschungs- und Vulkanveranstaltung ist kostenlos und f\u00fcr jedes Alter, jeden Bildungsgrad und jede Nationalit\u00e4t**.<\/p>\n<p style=\"margin-top:10px;margin-bottom:10px;\"><strong>Hier einige Programmpunkte:<\/strong><br \/>\n\u2022 Exkursionen: Begehung eines Kraterrands<br \/>\n\u2022 Weinverkostung mit Wissenschaftlern: Was bedeutet der Vulkanboden f\u00fcr Qualit\u00e4t des Weines?<br \/>\n\u2022 Filmvorf\u00fchrungen<br \/>\n\u2022 Vulkanologen der Welt<br \/>\n\u2022 Experimente, Ausstellungen &#038; Wettbewerbe<br \/>\n\u2022 Livemusik &#8230; und vieles mehr<\/p>\n<p style=\"margin-top:0px;margin-bottom:0px;\">Weitere Informationen: <a href=\"http:\/\/www.nochedevolcanes.es\" target=\"_blank\">www.nochedevolcanes.es<\/a><\/p>\n<\/div>\n<div style=\"margin-top:10px;text-align:left;font-style:italic;font-size:10px;line-height:10px;\">*\tDas Projekt wird mitfinanziert durch das Programm \u201eHorizonte 2020\u201c der EU.<br \/>**\tHauptsprache ist Spanisch, viele Programmpunkte werden jedoch live oder als Untertitel in Deutsch und Englisch \u00fcbersetzt.<\/div>\n<div style=\"margin-top:10px;text-align:left;font-style:italic;font-size:10px;line-height:10px;\">Text &#038; Foto: La Palma Research Centre S.L.<\/div>\n<div class=\"associated-posts title-full-content\"><\/div>\n","protected":false},"excerpt":{"rendered":"<p>F\u00fcr eine Nacht Vulkanologe! Sind Sie Ende September auf La Palma? Dann sollten Sie nicht die Gelegenheit verpassen, eine tolle Erfahrung zu machen: Am Freitag, dem 25. September, veranstaltet La Palma \u201eDie Nacht der Vulkane*\u201c. Die Gemeinde Fuencaliente ist bereits &hellip; <a href=\"https:\/\/www.disfrutalapalma.com\/de\/2015\/06\/spannend-kostenlos-die-nacht-der-vulkane\/\">Weiterlesen <span class=\"meta-nav\">&rarr;<\/span><\/a><\/p>\n","protected":false},"author":3004,"featured_media":15792,"comment_status":"closed","ping_status":"closed","sticky":false,"template":"","format":"standard","meta":{"_acf_changed":false,"footnotes":""},"categories":[16],"tags":[],"class_list":["post-15788","post","type-post","status-publish","format-standard","has-post-thumbnail","hentry","category-cat_archiv"],"acf":[],"_links":{"self":[{"href":"https:\/\/www.disfrutalapalma.com\/de\/wp-json\/wp\/v2\/posts\/15788","targetHints":{"allow":["GET"]}}],"collection":[{"href":"https:\/\/www.disfrutalapalma.com\/de\/wp-json\/wp\/v2\/posts"}],"about":[{"href":"https:\/\/www.disfrutalapalma.com\/de\/wp-json\/wp\/v2\/types\/post"}],"author":[{"embeddable":true,"href":"https:\/\/www.disfrutalapalma.com\/de\/wp-json\/wp\/v2\/users\/3004"}],"replies":[{"embeddable":true,"href":"https:\/\/www.disfrutalapalma.com\/de\/wp-json\/wp\/v2\/comments?post=15788"}],"version-history":[{"count":3,"href":"https:\/\/www.disfrutalapalma.com\/de\/wp-json\/wp\/v2\/posts\/15788\/revisions"}],"predecessor-version":[{"id":15802,"href":"https:\/\/www.disfrutalapalma.com\/de\/wp-json\/wp\/v2\/posts\/15788\/revisions\/15802"}],"wp:featuredmedia":[{"embeddable":true,"href":"https:\/\/www.disfrutalapalma.com\/de\/wp-json\/wp\/v2\/media\/15792"}],"wp:attachment":[{"href":"https:\/\/www.disfrutalapalma.com\/de\/wp-json\/wp\/v2\/media?parent=15788"}],"wp:term":[{"taxonomy":"category","embeddable":true,"href":"https:\/\/www.disfrutalapalma.com\/de\/wp-json\/wp\/v2\/categories?post=15788"},{"taxonomy":"post_tag","embeddable":true,"href":"https:\/\/www.disfrutalapalma.com\/de\/wp-json\/wp\/v2\/tags?post=15788"}],"curies":[{"name":"wp","href":"https:\/\/api.w.org\/{rel}","templated":true}]}}