{"id":13638,"date":"2014-12-19T18:17:01","date_gmt":"2014-12-19T17:17:01","guid":{"rendered":"http:\/\/www.disfrutalapalma.com\/?p=13638"},"modified":"2015-06-30T10:42:39","modified_gmt":"2015-06-30T09:42:39","slug":"chefk%c3%b6che-empfehlen","status":"publish","type":"post","link":"https:\/\/www.disfrutalapalma.com\/de\/2014\/12\/chefk%c3%b6che-empfehlen\/","title":{"rendered":"Chefk\u00f6che empfehlen"},"content":{"rendered":"<div style=\"font-family: 'Open Sans', sans-serif; font-weight: 800;color:#000;\">\n<div style=\"position:relative;z-index:2;margin-top:30px;font-family: 'Open Sans', sans-serif; font-weight: 800;color:#000;text-transform: uppercase;font-size:18px;line-height:18px;text-align:center;\">Texte &#038; Fotos:<br \/>Uwe S. Meschede<\/div>\n<div style=\"position:relative;z-index:1;margin-top:-60px;\"><img loading=\"lazy\" decoding=\"async\" src=\"http:\/\/www.disfrutalapalma.com\/wp-content\/uploads\/Chefkoeche1-2015-1.jpg\" alt=\"\" title=\"Chefkoeche1-2015-1\" width=\"640\" height=\"640\" class=\"alignnone size-full wp-image-13355\" srcset=\"https:\/\/www.disfrutalapalma.com\/wp-content\/uploads\/Chefkoeche1-2015-1.jpg 640w, https:\/\/www.disfrutalapalma.com\/wp-content\/uploads\/Chefkoeche1-2015-1-150x150.jpg 150w, https:\/\/www.disfrutalapalma.com\/wp-content\/uploads\/Chefkoeche1-2015-1-300x300.jpg 300w, https:\/\/www.disfrutalapalma.com\/wp-content\/uploads\/Chefkoeche1-2015-1-100x100.jpg 100w\" sizes=\"auto, (max-width: 640px) 100vw, 640px\" \/><\/div>\n<div style=\"position:relative;z-index:2;margin-top:-150px;text-align:center;font-family: 'Open Sans', sans-serif; font-weight: 800;color:#C00;text-transform: uppercase;font-size:50px;line-height:45px;\">Chefk\u00f6che<br \/>empfehlen<\/div>\n<p><!-- ************************ Carmen **************************--><\/p>\n<div style=\"font-family: 'Open Sans Condensed', sans-serif; font-weight: 800;color:#000;margin-top:100px;margin-bottom:35px;font-size:38px;\">Restaurant <span style=\"color:#C00;\">Carmen<\/span><\/div>\n<div style=\"float:left;text-align:right;height:120px;width:150px;font-family: 'Open Sans Condensed', sans-serif; font-weight: 300;color:#000;font-size:50px;text-transform: uppercase;-moz-transform:rotate(-90deg);-webkit-transform:rotate(-90deg);-o-transform:rotate(-90deg);-ms-transform:rotate(-90deg);transform:rotate(-90deg);display:block;\">El Paso<\/div>\n<div style=\"float:left;margin-top:-15px;margin-bottom:15px;margin-left:-95px;width:585px;height:250px;\"><img loading=\"lazy\" decoding=\"async\" src=\"http:\/\/www.disfrutalapalma.com\/wp-content\/uploads\/Carmen1-2015-1.jpg\" alt=\"\" title=\"Carmen1-2015-1\" width=\"585\" height=\"250\" class=\"alignnone size-full wp-image-13440\" srcset=\"https:\/\/www.disfrutalapalma.com\/wp-content\/uploads\/Carmen1-2015-1.jpg 585w, https:\/\/www.disfrutalapalma.com\/wp-content\/uploads\/Carmen1-2015-1-300x128.jpg 300w, https:\/\/www.disfrutalapalma.com\/wp-content\/uploads\/Carmen1-2015-1-100x42.jpg 100w\" sizes=\"auto, (max-width: 585px) 100vw, 585px\" \/><\/div>\n<div style=\"clear:both;\"><\/div>\n<div style=\"float:left;margin-left:55px;height:600px;width:345px;font-weight:300;\">\n<div style=\"height:190px;\">\n<p style=\"margin-bottom:5px;\"><span style=\"color:#C00;font-weight:800;\">Das sympathische Restaurant<\/span> in der ruhigen Urbanisation Celta (zwischen Los Llanos und El Paso) bietet auf der sch\u00f6nen Terrasse oder in dem gem\u00fctlichen \u201eSal\u00f3n\u201c einen sehr guten Service sowie die ausgezeichnete K\u00fcche des genialen Chefkochs David: von hervorragenden Fleischgerichten \u00fcber sehr gut zubereiteten Fisch bis zu k\u00f6stlichen vegetarischen Speisen.<\/p>\n<p style=\"margin-bottom:0px;text-align:right;font-weight:700;\"><a href=\"https:\/\/www.disfrutalapalma.com\/guia\/restaurante-carmen-2-2\/\" target=\"_blank\">Zum Eintrag in unserem Restaurant-Guide<\/a><\/p>\n<\/div>\n<div style=\"height:410px;\"><img loading=\"lazy\" decoding=\"async\" src=\"http:\/\/www.disfrutalapalma.com\/wp-content\/uploads\/Carmen1-2015-3.jpg\" alt=\"\" title=\"Carmen1-2015-3\" width=\"345\" height=\"410\" class=\"alignnone size-full wp-image-13442\" srcset=\"https:\/\/www.disfrutalapalma.com\/wp-content\/uploads\/Carmen1-2015-3.jpg 345w, https:\/\/www.disfrutalapalma.com\/wp-content\/uploads\/Carmen1-2015-3-252x300.jpg 252w, https:\/\/www.disfrutalapalma.com\/wp-content\/uploads\/Carmen1-2015-3-84x100.jpg 84w\" sizes=\"auto, (max-width: 345px) 100vw, 345px\" \/><\/div>\n<\/div>\n<div style=\"float:left;height:600px;width:220px;margin-left:20px;\"><img loading=\"lazy\" decoding=\"async\" src=\"http:\/\/www.disfrutalapalma.com\/wp-content\/uploads\/Carmen1-2015-2.jpg\" alt=\"\" title=\"Carmen1-2015-2\" width=\"220\" height=\"600\" class=\"alignnone size-full wp-image-13441\" srcset=\"https:\/\/www.disfrutalapalma.com\/wp-content\/uploads\/Carmen1-2015-2.jpg 220w, https:\/\/www.disfrutalapalma.com\/wp-content\/uploads\/Carmen1-2015-2-110x300.jpg 110w\" sizes=\"auto, (max-width: 220px) 100vw, 220px\" \/><\/div>\n<div style=\"clear:both;\"><\/div>\n<div style=\"float:left;margin-left:55px;width:345px;font-size:10px;font-weight:400;font-style:italic;line-height:11px;margin-top:5px;\">David empfiehlt: Ausgel\u00f6stes Kaninchen mit Kartoffelp\u00fcree, Bananenso\u00dfe und einer Reduktion von Martini &#038; Datteln, kombiniert mit einem List\u00e1n Prieto der palmerischen Bodega Vega Norte<\/div>\n<div style=\"float:left;width:220px;margin-left:20px;font-size:10px;font-weight:800;font-style:italic;line-height:11px;margin-top:5px;\">Chefkoch<br \/><span style=\"color:#C00;font-style:normal;\">David P\u00e9rez S\u00e1nchez<\/span><\/div>\n<div style=\"clear:both;\"><\/div>\n<p><!-- ************************ Ende Carmen **************************--><br \/>\n<!-- ************************ Hidalgo **************************--><\/p>\n<div style=\"font-family: 'Open Sans Condensed', sans-serif; font-weight: 800;color:#000;margin-top:35px;margin-bottom:35px;font-size:38px;\">Restaurant <span style=\"color:#C00;\">Hidalgo<\/span><\/div>\n<div style=\"float:left;text-align:right;height:120px;width:200px;margin-left:-30px;margin-top:25px;font-family: 'Open Sans Condensed', sans-serif; font-weight: 300;color:#000;font-size:50px;text-transform: uppercase;-moz-transform:rotate(-90deg);-webkit-transform:rotate(-90deg);-o-transform:rotate(-90deg);-ms-transform:rotate(-90deg);transform:rotate(-90deg);display:block;\">Los Llanos<\/div>\n<div style=\"float:left;margin-top:-15px;margin-bottom:15px;margin-left:-115px;width:585px;height:250px;\"><img loading=\"lazy\" decoding=\"async\" src=\"http:\/\/www.disfrutalapalma.com\/wp-content\/uploads\/Hidalgo1-2015-1.jpg\" alt=\"\" title=\"Hidalgo1-2015-1\" width=\"585\" height=\"250\" class=\"alignnone size-full wp-image-13444\" \/><\/div>\n<div style=\"clear:both;\"><\/div>\n<div style=\"float:left;margin-left:55px;height:600px;width:345px;font-weight:300;\">\n<div style=\"height:190px;\">\n<p style=\"margin-bottom:5px;\"><span style=\"color:#C00;font-weight:800;\">Das sich seit 27 Jahren<\/span> in Familienbesitz befindliche Restaurant geh\u00f6rt zweifelsohne zu den ersten Adressen im Aridanetal: die Speisen sind ausnehmend gut, der Service ist \u201egute, alte Schule\u201c und die Atmosph\u00e4re in dem altkanarischen Stadthaus im historischen Kern von Los Llanos ist \u00fcberaus gem\u00fctlich. Au\u00dferdem spektakul\u00e4r: der fantastische tropische Garten.<\/p>\n<p style=\"margin-bottom:0px;text-align:right;font-weight:700;\"><a href=\"https:\/\/www.disfrutalapalma.com\/guia\/restaurante-el-hidalgo\/\" target=\"_blank\">Zum Eintrag in unserem Restaurant-Guide<\/a><\/p>\n<\/div>\n<div style=\"height:410px;\"><img loading=\"lazy\" decoding=\"async\" src=\"http:\/\/www.disfrutalapalma.com\/wp-content\/uploads\/Hidalgo1-2015-3.jpg\" alt=\"\" title=\"Hidalgo1-2015-3\" width=\"345\" height=\"410\" class=\"alignnone size-full wp-image-13445\" srcset=\"https:\/\/www.disfrutalapalma.com\/wp-content\/uploads\/Hidalgo1-2015-3.jpg 345w, https:\/\/www.disfrutalapalma.com\/wp-content\/uploads\/Hidalgo1-2015-3-252x300.jpg 252w, https:\/\/www.disfrutalapalma.com\/wp-content\/uploads\/Hidalgo1-2015-3-84x100.jpg 84w\" sizes=\"auto, (max-width: 345px) 100vw, 345px\" \/><\/div>\n<\/div>\n<div style=\"float:left;height:600px;width:220px;margin-left:20px;\"><img loading=\"lazy\" decoding=\"async\" src=\"http:\/\/www.disfrutalapalma.com\/wp-content\/uploads\/Hidalgo1-2015-2.jpg\" alt=\"\" title=\"Hidalgo1-2015-2\" width=\"220\" height=\"600\" class=\"alignnone size-full wp-image-13446\" srcset=\"https:\/\/www.disfrutalapalma.com\/wp-content\/uploads\/Hidalgo1-2015-2.jpg 220w, https:\/\/www.disfrutalapalma.com\/wp-content\/uploads\/Hidalgo1-2015-2-110x300.jpg 110w\" sizes=\"auto, (max-width: 220px) 100vw, 220px\" \/><\/div>\n<div style=\"clear:both;\"><\/div>\n<div style=\"float:left;margin-left:55px;width:345px;font-size:10px;font-weight:400;font-style:italic;line-height:11px;margin-top:5px;\">Rudolf &#038; Sascha empfehlen: Gebratenes Iberisches Schweinefilet<\/div>\n<div style=\"float:left;width:220px;margin-left:20px;font-size:10px;font-weight:800;font-style:italic;line-height:11px;margin-top:5px;\">Chefk\u00f6che <span style=\"color:#C00;font-style:normal;\">Rudolf &#038; Sascha Porth<\/span><\/div>\n<div style=\"clear:both;\"><\/div>\n<p><!-- ************************ Ende Hidalgo **************************--><br \/>\n<!-- ************************ Franchipani **************************--><\/p>\n<div style=\"font-family: 'Open Sans Condensed', sans-serif; font-weight: 800;color:#000;margin-top:35px;margin-bottom:35px;font-size:38px;\">Restaurant <span style=\"color:#C00;\">Franchipani<\/span><\/div>\n<div style=\"float:left;text-align:right;height:120px;width:150px;font-family: 'Open Sans Condensed', sans-serif; font-weight: 300;color:#000;font-size:50px;text-transform: uppercase;-moz-transform:rotate(-90deg);-webkit-transform:rotate(-90deg);-o-transform:rotate(-90deg);-ms-transform:rotate(-90deg);transform:rotate(-90deg);display:block;\">El Paso<\/div>\n<div style=\"float:left;margin-top:-15px;margin-bottom:15px;margin-left:-95px;width:585px;height:250px;\"><img loading=\"lazy\" decoding=\"async\" src=\"http:\/\/www.disfrutalapalma.com\/wp-content\/uploads\/Franchipani1-2015-1.jpg\" alt=\"\" title=\"Franchipani1-2015-1\" width=\"585\" height=\"250\" class=\"alignnone size-full wp-image-13448\" \/><\/div>\n<div style=\"clear:both;\"><\/div>\n<div style=\"float:left;margin-left:55px;height:600px;width:345px;font-weight:300;\">\n<div style=\"height:300px;\">\n<p style=\"margin-bottom:5px;\"><span style=\"color:#C00;font-weight:800;\">Das Franchipani,<\/span> sicher eines der besten Restaurants La Palmas, arbeitet seit Mitte letzten Jahres mit den Gourmetsalzen von Sal Oc\u00e9ano. &#8211; Sal Oc\u00e9ano ist eine kleine Salzmanufaktur auf La Palma, die seit mehr als vier Jahren mit dem Salz aus Fuencaliente erlesene biozertifizierte Gourmetsalze (Frucht- und Kr\u00e4utersalze) herstellt. Schonende Verarbeitung in Handarbeit und erlesene Zutaten &#8211; wo immer m\u00f6glich, direkt von der Insel &#8211; garantieren ein au\u00dfergew\u00f6hnliches Geschmackserlebnis. &#8211; Das Franchipani bietet w\u00f6chentlich wechselnd ein Gericht, speziell kombiniert mit einem Finishing Salz von Sal Oc\u00e9ano. Super-lecker und sehr empfehlenswert! Die daraus resultierenden Rezepte werden \u00fcbrigens in einem gemeinsamen Kochbuch ver\u00f6ffentlicht, auf das man sicher jetzt schon gespannt sein darf.<\/p>\n<p style=\"margin-bottom:0px;text-align:right;font-weight:700;\"><a href=\"https:\/\/www.disfrutalapalma.com\/guia\/restaurante-franchipani\/\" target=\"_blank\">Zum Eintrag in unserem Restaurant-Guide<\/a><\/p>\n<\/div>\n<div style=\"height:300px;\"><img loading=\"lazy\" decoding=\"async\" src=\"http:\/\/www.disfrutalapalma.com\/wp-content\/uploads\/Franchipani1-2015-3.jpg\" alt=\"\" title=\"Franchipani1-2015-3\" width=\"345\" height=\"300\" class=\"alignnone size-full wp-image-13450\" srcset=\"https:\/\/www.disfrutalapalma.com\/wp-content\/uploads\/Franchipani1-2015-3.jpg 345w, https:\/\/www.disfrutalapalma.com\/wp-content\/uploads\/Franchipani1-2015-3-300x260.jpg 300w, https:\/\/www.disfrutalapalma.com\/wp-content\/uploads\/Franchipani1-2015-3-100x86.jpg 100w\" sizes=\"auto, (max-width: 345px) 100vw, 345px\" \/><\/div>\n<\/div>\n<div style=\"float:left;height:600px;width:220px;margin-left:20px;\"><img loading=\"lazy\" decoding=\"async\" src=\"http:\/\/www.disfrutalapalma.com\/wp-content\/uploads\/Franchipani1-2015-2.jpg\" alt=\"\" title=\"Franchipani1-2015-2\" width=\"220\" height=\"600\" class=\"alignnone size-full wp-image-13449\" srcset=\"https:\/\/www.disfrutalapalma.com\/wp-content\/uploads\/Franchipani1-2015-2.jpg 220w, https:\/\/www.disfrutalapalma.com\/wp-content\/uploads\/Franchipani1-2015-2-110x300.jpg 110w\" sizes=\"auto, (max-width: 220px) 100vw, 220px\" \/><\/div>\n<div style=\"clear:both;\"><\/div>\n<div style=\"float:left;margin-left:55px;margin-bottom:15px;width:345px;font-size:10px;font-weight:400;font-style:italic;line-height:11px;margin-top:5px;\">Die Gourmetsalze gibt es im Franchipani sowie in Gourmet-, Artesania- und Bio-L\u00e4den. Jeden Samstag von 11-16 Uhr kann man auf dem Bauernmarkt in Mazo au\u00dferdem alle Salze bei einer pers\u00f6nlichen Beratung durch die Herstellerin ausprobieren.<\/div>\n<div style=\"float:left;width:220px;margin-left:20px;font-size:10px;font-weight:800;font-style:italic;line-height:11px;margin-top:5px;\">Chefk\u00f6chin<br \/><span style=\"color:#C00;font-style:normal;\">Heidy van de Vorst<\/span><\/div>\n<div style=\"clear:both;\"><\/div>\n<div style=\"height:350px;width:585px;margin-left:55px;\">[vslider name=&#8220;Franchipani12015&#8243;]<\/div>\n<div style=\"margin-left:55px;font-size:10px;font-weight:400;font-style:italic;line-height:11px;margin-top:5px;\">Heidy empfiehlt: <span style=\"font-weight:800;\">1.<\/span> Ceviche von Gambas und roten Zwiebeln auf verschiedenen Blattsalaten und Karotten an Mangocreme, finalisiert mit Flor de Sal Himbeere <span style=\"font-weight:800;\">2.<\/span> Gebratener Tintenfisch auf S\u00fc\u00dfkartoffelp\u00fcree mit knusprigem Knoblauch an einem Schaum von Rosenpaprika\u00f6l mit Flor de Sal Organge Finish<\/div>\n<p><!-- ************************ Ende Franchipani **************************--><br \/>\n<!-- ************************ Tres Chimeneas **************************--><\/p>\n<div style=\"font-family: 'Open Sans Condensed', sans-serif; font-weight: 800;color:#000;margin-top:35px;margin-bottom:35px;font-size:38px;\">Restaurant <span style=\"color:#C00;\">Las Tres Chimeneas<\/span><\/div>\n<div style=\"float:left;text-align:right;height:120px;width:200px;margin-left:-30px;margin-top:25px;font-family: 'Open Sans Condensed', sans-serif; font-weight: 300;color:#000;font-size:50px;text-transform: uppercase;-moz-transform:rotate(-90deg);-webkit-transform:rotate(-90deg);-o-transform:rotate(-90deg);-ms-transform:rotate(-90deg);transform:rotate(-90deg);display:block;\">Bre\u00f1a Alta<\/div>\n<div style=\"float:left;margin-top:-15px;margin-bottom:15px;margin-left:-115px;width:585px;height:250px;\"><img loading=\"lazy\" decoding=\"async\" src=\"http:\/\/www.disfrutalapalma.com\/wp-content\/uploads\/TresChimeneas-2015-1.jpg\" alt=\"\" title=\"TresChimeneas-2015-1\" width=\"585\" height=\"250\" class=\"alignnone size-full wp-image-13455\" srcset=\"https:\/\/www.disfrutalapalma.com\/wp-content\/uploads\/TresChimeneas-2015-1.jpg 585w, https:\/\/www.disfrutalapalma.com\/wp-content\/uploads\/TresChimeneas-2015-1-300x128.jpg 300w, https:\/\/www.disfrutalapalma.com\/wp-content\/uploads\/TresChimeneas-2015-1-100x42.jpg 100w\" sizes=\"auto, (max-width: 585px) 100vw, 585px\" \/><\/div>\n<div style=\"clear:both;\"><\/div>\n<div style=\"float:left;margin-left:55px;height:600px;width:345px;font-weight:300;\">\n<div style=\"height:190px;\">\n<p style=\"margin-bottom:5px;\"><span style=\"color:#C00;font-weight:800;\">Eines der besten Restaurants auf der Ostseite<\/span> der Insel (schr\u00e4g gegen\u00fcber von Ikea) offeriert in dem gem\u00fctlichen Gastraum mit knisterndem Kamin oder auf der sch\u00f6nen, kolonial anmutenden Terrasse typisch palmerische K\u00fcche &#8211; Fleisch-, Fisch und vegetarische Gerichte &#8211; auf gehobenem Niveau sowie eine interessante Auswahl erstklassiger Weine.<\/p>\n<p style=\"margin-bottom:0px;text-align:right;font-weight:700;\"><a href=\"https:\/\/www.disfrutalapalma.com\/guia\/restaurante-las-tres-chimeneas\/\" target=\"_blank\">Zum Eintrag in unserem Restaurant-Guide<\/a><\/p>\n<\/div>\n<div style=\"height:410px;\"><img loading=\"lazy\" decoding=\"async\" src=\"http:\/\/www.disfrutalapalma.com\/wp-content\/uploads\/TresChimeneas1-2015-3.jpg\" alt=\"\" title=\"TresChimeneas1-2015-3\" width=\"345\" height=\"410\" class=\"alignnone size-full wp-image-13456\" srcset=\"https:\/\/www.disfrutalapalma.com\/wp-content\/uploads\/TresChimeneas1-2015-3.jpg 345w, https:\/\/www.disfrutalapalma.com\/wp-content\/uploads\/TresChimeneas1-2015-3-252x300.jpg 252w, https:\/\/www.disfrutalapalma.com\/wp-content\/uploads\/TresChimeneas1-2015-3-84x100.jpg 84w\" sizes=\"auto, (max-width: 345px) 100vw, 345px\" \/><\/div>\n<\/div>\n<div style=\"float:left;height:600px;width:220px;margin-left:20px;\"><img loading=\"lazy\" decoding=\"async\" src=\"http:\/\/www.disfrutalapalma.com\/wp-content\/uploads\/TresChimeneas1-2015-2.jpg\" alt=\"\" title=\"TresChimeneas1-2015-2\" width=\"220\" height=\"600\" class=\"alignnone size-full wp-image-13457\" srcset=\"https:\/\/www.disfrutalapalma.com\/wp-content\/uploads\/TresChimeneas1-2015-2.jpg 220w, https:\/\/www.disfrutalapalma.com\/wp-content\/uploads\/TresChimeneas1-2015-2-110x300.jpg 110w\" sizes=\"auto, (max-width: 220px) 100vw, 220px\" \/><\/div>\n<div style=\"clear:both;\"><\/div>\n<div style=\"float:left;margin-left:55px;width:345px;font-size:10px;font-weight:400;font-style:italic;line-height:11px;margin-top:5px;\">Nicol\u00e1s empfiehlt: Kabeljau nach Riojana-Art<\/div>\n<div style=\"float:left;width:220px;margin-left:20px;font-size:10px;font-weight:800;font-style:italic;line-height:11px;margin-top:5px;\">Chefkoch <span style=\"color:#C00;font-style:normal;\">Nicol\u00e1s Fco. Luis Garc\u00eda<\/span><\/div>\n<div style=\"clear:both;\"><\/div>\n<p><!-- ************************ Ende Tres Chimeneas **************************--><br \/>\n<!-- ************************ Duende del Fuego **************************--><\/p>\n<div style=\"font-family: 'Open Sans Condensed', sans-serif; font-weight: 800;color:#000;margin-top:35px;margin-bottom:35px;font-size:38px;\">Gastrobar <span style=\"color:#C00;\">El Duende del Fuego<\/span><\/div>\n<div style=\"float:left;text-align:right;height:120px;width:200px;margin-left:-30px;margin-top:25px;font-family: 'Open Sans Condensed', sans-serif; font-weight: 300;color:#000;font-size:50px;text-transform: uppercase;-moz-transform:rotate(-90deg);-webkit-transform:rotate(-90deg);-o-transform:rotate(-90deg);-ms-transform:rotate(-90deg);transform:rotate(-90deg);display:block;\">Los Llanos<\/div>\n<div style=\"float:left;margin-top:-15px;margin-bottom:15px;margin-left:-115px;width:585px;height:250px;\"><img loading=\"lazy\" decoding=\"async\" src=\"http:\/\/www.disfrutalapalma.com\/wp-content\/uploads\/DuendeDelFuego1-2015-1.jpg\" alt=\"\" title=\"DuendeDelFuego1-2015-1\" width=\"585\" height=\"250\" class=\"alignnone size-full wp-image-13459\" srcset=\"https:\/\/www.disfrutalapalma.com\/wp-content\/uploads\/DuendeDelFuego1-2015-1.jpg 585w, https:\/\/www.disfrutalapalma.com\/wp-content\/uploads\/DuendeDelFuego1-2015-1-300x128.jpg 300w, https:\/\/www.disfrutalapalma.com\/wp-content\/uploads\/DuendeDelFuego1-2015-1-100x42.jpg 100w\" sizes=\"auto, (max-width: 585px) 100vw, 585px\" \/><\/div>\n<div style=\"clear:both;\"><\/div>\n<div style=\"float:left;margin-left:55px;height:600px;width:345px;font-weight:300;\">\n<div style=\"height:190px;\">\n<p style=\"margin-bottom:5px;\"><span style=\"color:#C00;font-weight:800;\">Als Gastrobar<\/span> offeriert Chefkoch Pedro seinen G\u00e4sten in dezenter Umgebung gesunde, neu interpretierte palmerische K\u00fcche auf h\u00f6chstem Qualit\u00e4ts- und Geschmacksniveau zu zivilen Preisen. Pedro verarbeitet dabei nur beste Produkte aus kontrollierter Produktion und &#8211; soweit m\u00f6glich &#8211; aus La Palma. Das Ergebnis: Geschmacksexplosionen ohnegleichen!<\/p>\n<p style=\"margin-bottom:0px;text-align:right;font-weight:700;\"><a href=\"https:\/\/www.disfrutalapalma.com\/guia\/el-duende-del-fuego\/\" target=\"_blank\">Zum Eintrag in unserem Gastro-Guide<\/a><\/p>\n<\/div>\n<div style=\"height:410px;\"><img loading=\"lazy\" decoding=\"async\" src=\"http:\/\/www.disfrutalapalma.com\/wp-content\/uploads\/DuendeDelFuego1-2015-2.jpg\" alt=\"\" title=\"DuendeDelFuego1-2015-2\" width=\"345\" height=\"410\" class=\"alignnone size-full wp-image-13460\" srcset=\"https:\/\/www.disfrutalapalma.com\/wp-content\/uploads\/DuendeDelFuego1-2015-2.jpg 345w, https:\/\/www.disfrutalapalma.com\/wp-content\/uploads\/DuendeDelFuego1-2015-2-252x300.jpg 252w, https:\/\/www.disfrutalapalma.com\/wp-content\/uploads\/DuendeDelFuego1-2015-2-84x100.jpg 84w\" sizes=\"auto, (max-width: 345px) 100vw, 345px\" \/><\/div>\n<\/div>\n<div style=\"float:left;height:600px;width:220px;margin-left:20px;\"><img loading=\"lazy\" decoding=\"async\" src=\"http:\/\/www.disfrutalapalma.com\/wp-content\/uploads\/DuendeDelFuego1-2015-3.jpg\" alt=\"\" title=\"DuendeDelFuego1-2015-3\" width=\"220\" height=\"600\" class=\"alignnone size-full wp-image-13461\" srcset=\"https:\/\/www.disfrutalapalma.com\/wp-content\/uploads\/DuendeDelFuego1-2015-3.jpg 220w, https:\/\/www.disfrutalapalma.com\/wp-content\/uploads\/DuendeDelFuego1-2015-3-110x300.jpg 110w\" sizes=\"auto, (max-width: 220px) 100vw, 220px\" \/><\/div>\n<div style=\"clear:both;\"><\/div>\n<div style=\"float:left;margin-left:55px;width:345px;font-size:10px;font-weight:400;font-style:italic;line-height:11px;margin-top:5px;\">Pedro empfiehlt: Salat mit ger\u00f6steter Paprika, mariniertem Thunfisch und Knoblauch-Vinaigrette<\/div>\n<div style=\"float:left;width:220px;margin-left:20px;font-size:10px;font-weight:800;font-style:italic;line-height:11px;margin-top:5px;\">Chefkoch <span style=\"color:#C00;font-style:normal;\">Pedro Jos\u00e9 Hern\u00e1ndez Castillo<\/span><\/div>\n<div style=\"clear:both;\"><\/div>\n<p><!-- ************************ Ende Duende del Fuego **************************-->\n<\/div>\n<div class=\"associated-posts title-full-content\"><\/div>\n","protected":false},"excerpt":{"rendered":"<p>Texte &#038; Fotos:Uwe S. Meschede Chefk\u00f6cheempfehlen Restaurant Carmen El Paso Das sympathische Restaurant in der ruhigen Urbanisation Celta (zwischen Los Llanos und El Paso) bietet auf der sch\u00f6nen Terrasse oder in dem gem\u00fctlichen \u201eSal\u00f3n\u201c einen sehr guten Service sowie die &hellip; <a href=\"https:\/\/www.disfrutalapalma.com\/de\/2014\/12\/chefk%c3%b6che-empfehlen\/\">Weiterlesen <span class=\"meta-nav\">&rarr;<\/span><\/a><\/p>\n","protected":false},"author":3004,"featured_media":13640,"comment_status":"closed","ping_status":"closed","sticky":false,"template":"","format":"standard","meta":{"_acf_changed":false,"footnotes":""},"categories":[16],"tags":[],"class_list":["post-13638","post","type-post","status-publish","format-standard","has-post-thumbnail","hentry","category-cat_archiv"],"acf":[],"_links":{"self":[{"href":"https:\/\/www.disfrutalapalma.com\/de\/wp-json\/wp\/v2\/posts\/13638","targetHints":{"allow":["GET"]}}],"collection":[{"href":"https:\/\/www.disfrutalapalma.com\/de\/wp-json\/wp\/v2\/posts"}],"about":[{"href":"https:\/\/www.disfrutalapalma.com\/de\/wp-json\/wp\/v2\/types\/post"}],"author":[{"embeddable":true,"href":"https:\/\/www.disfrutalapalma.com\/de\/wp-json\/wp\/v2\/users\/3004"}],"replies":[{"embeddable":true,"href":"https:\/\/www.disfrutalapalma.com\/de\/wp-json\/wp\/v2\/comments?post=13638"}],"version-history":[{"count":4,"href":"https:\/\/www.disfrutalapalma.com\/de\/wp-json\/wp\/v2\/posts\/13638\/revisions"}],"predecessor-version":[{"id":15850,"href":"https:\/\/www.disfrutalapalma.com\/de\/wp-json\/wp\/v2\/posts\/13638\/revisions\/15850"}],"wp:featuredmedia":[{"embeddable":true,"href":"https:\/\/www.disfrutalapalma.com\/de\/wp-json\/wp\/v2\/media\/13640"}],"wp:attachment":[{"href":"https:\/\/www.disfrutalapalma.com\/de\/wp-json\/wp\/v2\/media?parent=13638"}],"wp:term":[{"taxonomy":"category","embeddable":true,"href":"https:\/\/www.disfrutalapalma.com\/de\/wp-json\/wp\/v2\/categories?post=13638"},{"taxonomy":"post_tag","embeddable":true,"href":"https:\/\/www.disfrutalapalma.com\/de\/wp-json\/wp\/v2\/tags?post=13638"}],"curies":[{"name":"wp","href":"https:\/\/api.w.org\/{rel}","templated":true}]}}