{"id":12696,"date":"2014-09-30T18:24:38","date_gmt":"2014-09-30T17:24:38","guid":{"rendered":"http:\/\/www.disfrutalapalma.com\/?p=12696"},"modified":"2015-03-25T18:49:51","modified_gmt":"2015-03-25T17:49:51","slug":"so-gro%c3%9fartig-ist-el-paso","status":"publish","type":"post","link":"https:\/\/www.disfrutalapalma.com\/de\/2014\/09\/so-gro%c3%9fartig-ist-el-paso\/","title":{"rendered":"So gro\u00dfartig ist El Paso"},"content":{"rendered":"<div style=\"margin-top:5px;padding-top:50px;padding-bottom:25px;padding-left:20px;padding-right:20px;background-color:#EFE9D1;color:#000;font-family: 'Open Sans', sans-serif;font-weight:400;text-align:center;\">\n<div style=\"font-family: 'Open Sans Condensed', sans-serif;font-weight:700;color:#BF8E08;font-size:60px;line-height:60px;margin-bottom:40px;\">SO GROSSARTIG IST<\/div>\n<div style=\"margin-bottom:25px;\"><img loading=\"lazy\" decoding=\"async\" src=\"http:\/\/www.disfrutalapalma.com\/wp-content\/uploads\/ElPaso_4-2014-1.png\" alt=\"\" title=\"ElPaso_4-2014-1\" width=\"600\" height=\"422\" class=\"alignnone size-full wp-image-11871\" srcset=\"https:\/\/www.disfrutalapalma.com\/wp-content\/uploads\/ElPaso_4-2014-1.png 600w, https:\/\/www.disfrutalapalma.com\/wp-content\/uploads\/ElPaso_4-2014-1-300x211.png 300w, https:\/\/www.disfrutalapalma.com\/wp-content\/uploads\/ElPaso_4-2014-1-100x70.png 100w\" sizes=\"auto, (max-width: 600px) 100vw, 600px\" \/><\/div>\n<div style=\"margin-bottom:35px;font-family: 'Open Sans Condensed', sans-serif;font-weight:300;color:#000;font-size:50px;line-height:50px;\">Essen, Trinken,<br \/>Shopping &#038; mehr<\/div>\n<div style=\"margin-left:auto;margin-right:auto;font-family: 'Open Sans Condensed', sans-serif;font-weight:300;color:#000;font-size:16px;line-height:19px;padding:3px;border-top:1px solid #000;border-bottom:1px solid #000;width:220px;letter-spacing:0.1em;margin-bottom:60px;\">Texte &#038; Fotos:<br \/>UWE S. MESCHEDE<\/div>\n<div><!--more--><\/div>\n<p><!-- Rolf Benker --><\/p>\n<div style=\"margin-bottom:80px;\">\n<div style=\"border-top:3px solid #BF8E08;border-bottom:3px solid #BF8E08;color:#000;padding:6px;font-size:22px;line-height:22px;font-weight:300;margin-bottom:15px;\">Schreinerei, Wintergarten- &#038; Alufensterbau<br \/><span style=\"font-weight:700;\">Rolf Benker<\/span><\/div>\n<div style=\"width:600px;height:400px;margin-bottom:25px;\">[vslider name=&#8220;RolfBenker420141&#8243;]<\/div>\n<div style=\"margin-bottom:25px;font-size:28px;line-height:28px;font-weight:400;color:#BF8E08;\">Achtung Hausbesitzer: innovative Konstruktionen, hochwertige Materialien,<br \/>Top-Verarbeitung<\/div>\n<div style=\"text-align:left;\">\n<p style=\"margin-bottom:0px;\"><span style=\"font-size:300%;font-weight:800;color:#BF8E08;\">S<\/span>chon in unserer letzten Ausgabe haben wir den dynamischen Belgier vorgestellt, allerdings in unserer Reportage Kunsthandwerker auf La Palma. Wie darin bereits erw\u00e4hnt, beschr\u00e4nkt sich seine Leidenschaft jedoch nicht allein auf kreative Holzarbeiten. Vielmehr ist der in El Paso lebende Familienvater auch in seinem Element, wenn es um technische Konstruktionen &#8211; je komplizierter, desto besser &#8211;  in Sachen Winterg\u00e4rten und Fensterbau geht. Schlie\u00dflich war Rolf vor seiner Auswanderung nach La Palma ma\u00dfgeblich an Bauprojekten mit gigantischen Glas- und Fensterkonstruktionen in Belgien und Deutschland beteiligt. Sprich: Wenn es einer wirklich kann, dann er!<\/p>\n<div style=\"width:250px;height:250px;margin-left:20px;float:right;\">[vslider name=&#8220;RolfBenker420142&#8243;]<\/div>\n<p style=\"margin-bottom:0px;\">Trotz solider Bauweise beeindruckt an seinen Wintergarten-Konstruktionen vor allem der Schein von Leichtigkeit &#8211; ein wesentliches Element bei solch lichtdurchfluteten Anbauten. Genau kalkulierte Dehnungszonen sorgen zudem daf\u00fcr, dass sich die Konstruktionen an das Klima anpassen und keine Risse im Mauerwerk entstehen &#8211; gerade auf La Palma ein st\u00e4ndig auftauchendes Problem. Selbst den Austausch von Rahmen bestehender Fenster und T\u00fcren hat Rolf auf kreative Weise perfektioniert &#8211; und erspart Bauherren  damit erhebliche Bauma\u00dfnahmen, l\u00e4stige Montagezeiten sowie langwierige Reinigungs- und Ausbesserungsarbeiten. &#8211; Wie schon gesagt: Wenn es einer wirklich kann &#8230;!<\/p>\n<\/div>\n<div style=\"clear:both;display:inline-table;border:1px solid #BF8E08;padding:5px;font-weight:600;margin-top:15px;width:auto;\">Tel. 664 797 435?\u00b7?E-Mail: <a href=\"mailto:benleyh@hotmail.de\" style=\"color:#000;text-decoration:underline;\" onMouseOver=\"this.style.color='#BF8E08'\" onMouseOut=\"this.style.color='#000'\">benleyh@hotmail.de<\/a>?\u00b7?<a href=\"http:\/\/www.rolf-benker.com\" target=\"_blank\" style=\"color:#000;text-decoration:underline;\" onMouseOver=\"this.style.color='#BF8E08'\" onMouseOut=\"this.style.color='#000'\">www.rolf-benker.com<\/a><\/div>\n<\/div>\n<p><!-- Ende Rolf Benker --><\/p>\n<p><!-- \u00d3ptica Naranja --><\/p>\n<div style=\"margin-bottom:80px;\">\n<div style=\"border-top:3px solid #BF8E08;border-bottom:3px solid #BF8E08;color:#000;padding:6px;font-size:22px;line-height:22px;font-weight:300;margin-bottom:15px;\">Optiker <span style=\"font-weight:700;\">\u00d3ptica Naranja<\/span><\/div>\n<div style=\"width:600px;height:400px;margin-bottom:25px;\"><img loading=\"lazy\" decoding=\"async\" src=\"http:\/\/www.disfrutalapalma.com\/wp-content\/uploads\/OpticaNaranja_4-2014-1.jpg\" alt=\"\" title=\"OpticaNaranja_4-2014-1\" width=\"600\" height=\"400\" class=\"alignnone size-full wp-image-12010\" srcset=\"https:\/\/www.disfrutalapalma.com\/wp-content\/uploads\/OpticaNaranja_4-2014-1.jpg 600w, https:\/\/www.disfrutalapalma.com\/wp-content\/uploads\/OpticaNaranja_4-2014-1-300x200.jpg 300w, https:\/\/www.disfrutalapalma.com\/wp-content\/uploads\/OpticaNaranja_4-2014-1-100x66.jpg 100w\" sizes=\"auto, (max-width: 600px) 100vw, 600px\" \/><\/div>\n<div style=\"margin-bottom:25px;font-size:28px;line-height:28px;font-weight:400;color:#BF8E08;\">Gute Brille, gutes Sehen &#8211; aus Leidenschaft!<\/div>\n<div style=\"text-align:left;\">\n<div style=\"width:250px;height:250px;margin-left:20px;margin-top:10px;float:right;\"><img loading=\"lazy\" decoding=\"async\" src=\"http:\/\/www.disfrutalapalma.com\/wp-content\/uploads\/OpticaNaranja_4-2014-2.jpg\" alt=\"\" title=\"OpticaNaranja_4-2014-2\" width=\"250\" height=\"250\" class=\"alignnone size-full wp-image-12011\" srcset=\"https:\/\/www.disfrutalapalma.com\/wp-content\/uploads\/OpticaNaranja_4-2014-2.jpg 250w, https:\/\/www.disfrutalapalma.com\/wp-content\/uploads\/OpticaNaranja_4-2014-2-150x150.jpg 150w, https:\/\/www.disfrutalapalma.com\/wp-content\/uploads\/OpticaNaranja_4-2014-2-100x100.jpg 100w\" sizes=\"auto, (max-width: 250px) 100vw, 250px\" \/><\/div>\n<p style=\"margin-bottom:0px;\"><span style=\"font-size:300%;font-weight:800;color:#BF8E08;\">U<\/span>nsere Augen lassen uns die Welt sehen. Wir sollten also gut acht darauf geben. &#8211; Jemand, der mit viel Einf\u00fchlungsverm\u00f6gen hilft, wenn diese Augen nicht mehr ganz so k\u00f6nnen, wie wir wollen, sind Raquel und Jorge von \u00d3ptica Naranja. Hier wird man nicht nur herzlich empfangen und sehr individuell beraten, die beiden sympathischen Optiker stehen von der Bestimmung der Sehst\u00e4rke mittels modernster Technologie \u00fcber die Anpassung von Kontaktlinsen bis hin zur passenden Brillenauswahl jederzeit kompetent zur Seite. Ein weiterer Pluspunkt: Die Auswahl an Brillengestellen und hochwertigen Brillengl\u00e4sern ist gro\u00df. Sprich: Hier findet jeder die f\u00fcr ihn passende L\u00f6sung. Und: Hier wird das Beste daf\u00fcr getan, die Welt auch weiterhin gut sehen zu k\u00f6nnen!<\/p>\n<\/div>\n<div style=\"clear:both;display:inline-table;border:1px solid #BF8E08;padding:5px;font-weight:600;margin-top:15px;width:auto;\">C\/Tanaus\u00fa, 12?\u00b7?Tel. +34 &#8211; 922 486 554?\u00b7?E-Mail: <a href=\"mailto:opticanaranja@yahoo.es\" style=\"color:#000;text-decoration:underline;\" onMouseOver=\"this.style.color='#BF8E08'\" onMouseOut=\"this.style.color='#000'\">opticanaranja@yahoo.es<\/a><\/div>\n<\/div>\n<p><!-- Ende \u00d3ptica Naranja --><\/p>\n<p><!-- Alegr\u00eda --><\/p>\n<div style=\"margin-bottom:80px;\">\n<div style=\"border-top:3px solid #BF8E08;border-bottom:3px solid #BF8E08;color:#000;padding:6px;font-size:22px;line-height:22px;font-weight:300;margin-bottom:15px;\">Naturkostladen <span style=\"font-weight:700;\">Alegr\u00eda<\/span><\/div>\n<div style=\"width:600px;height:400px;margin-bottom:25px;\"><img loading=\"lazy\" decoding=\"async\" src=\"http:\/\/www.disfrutalapalma.com\/wp-content\/uploads\/Alegria_4-2014-2.jpg\" alt=\"\" title=\"Alegria_4-2014-2\" width=\"600\" height=\"400\" class=\"alignnone size-full wp-image-12015\" srcset=\"https:\/\/www.disfrutalapalma.com\/wp-content\/uploads\/Alegria_4-2014-2.jpg 600w, https:\/\/www.disfrutalapalma.com\/wp-content\/uploads\/Alegria_4-2014-2-300x200.jpg 300w, https:\/\/www.disfrutalapalma.com\/wp-content\/uploads\/Alegria_4-2014-2-100x66.jpg 100w\" sizes=\"auto, (max-width: 600px) 100vw, 600px\" \/><\/div>\n<div style=\"margin-bottom:25px;font-size:28px;line-height:28px;font-weight:400;color:#BF8E08;\">Wo sich \u00d6kologie<br \/>und Geschmacksvielfalt treffen<\/div>\n<div style=\"text-align:left;\">\n<div style=\"width:250px;height:250px;margin-left:20px;margin-top:-20px;float:right;\"><img loading=\"lazy\" decoding=\"async\" src=\"http:\/\/www.disfrutalapalma.com\/wp-content\/uploads\/Alegrie_4-2014-1.png\" alt=\"\" title=\"Alegrie_4-2014-1\" width=\"250\" height=\"250\" class=\"alignnone size-full wp-image-12020\" srcset=\"https:\/\/www.disfrutalapalma.com\/wp-content\/uploads\/Alegrie_4-2014-1.png 250w, https:\/\/www.disfrutalapalma.com\/wp-content\/uploads\/Alegrie_4-2014-1-150x150.png 150w, https:\/\/www.disfrutalapalma.com\/wp-content\/uploads\/Alegrie_4-2014-1-100x100.png 100w\" sizes=\"auto, (max-width: 250px) 100vw, 250px\" \/><\/div>\n<p style=\"margin-bottom:0px;\"><span style=\"font-size:300%;font-weight:800;color:#BF8E08;\">V<\/span>or allem in der heutigen Zeit k\u00f6nnen wir kaum noch auf hochwertige Inhaltsstoffe und die Qualit\u00e4t von Lebensmitteln vertrauen &#8211; es sei denn, wir kaufen unsere Nahrungsmittel dort, wo wir auch wirklich sicher sein k\u00f6nnen. &#8211; Der bereits seit 2003 existierende Naturkostladen Alegr\u00eda ist so ein Ort des Vertrauens: Von nat\u00fcrlichen und biologisch einwandfreien Produkten aus \u00f6kologischem Anbau &#8211; u.a. auch Wein, K\u00e4se, Mandelmus oder Honig aus La Palma &#8211; \u00fcber Heilkr\u00e4uter bis zu 100% nat\u00fcrlicher \u201eSuperfood\u201c, also extrem n\u00e4hrstoffreicher Lebensmittel, ist die Auswahl hier wirklich riesig. Daneben finden sich au\u00dferdem glutenfreie Lebensmittel sowie eine gr\u00f6\u00dfere Kollektion an Nahrungserg\u00e4nzungsmitteln. Eine Naturkosmetik-Serie rundet das Alegr\u00eda-Sortiment schlie\u00dflich ab. &#8211; Fazit: Hier findet jeder Naturkost-Fan das, was er sucht und zu ihm passt!<\/p>\n<\/div>\n<div style=\"clear:both;display:inline-table;border:1px solid #BF8E08;padding:5px;font-weight:600;margin-top:15px;width:auto;\">C\/Tanaus\u00fa, 16?\u00b7?Tel. +34 &#8211; 922 485 784?\u00b7?E-Mail: <a href=\"mailto:alegria16@gmx.net\" style=\"color:#000;text-decoration:underline;\" onMouseOver=\"this.style.color='#BF8E08'\" onMouseOut=\"this.style.color='#000'\">alegria16@gmx.net<\/a><\/div>\n<\/div>\n<p><!-- Ende Alegr\u00eda --><\/p>\n<p><!-- Gabriela --><\/p>\n<div style=\"margin-bottom:80px;\">\n<div style=\"border-top:3px solid #BF8E08;border-bottom:3px solid #BF8E08;color:#000;padding:6px;font-size:22px;line-height:22px;font-weight:300;margin-bottom:15px;\">Energiesteine <span style=\"font-weight:700;\">Gabriela Beate Bachsteffel<\/span><\/div>\n<div style=\"width:600px;margin-bottom:25px;\"><img loading=\"lazy\" decoding=\"async\" src=\"http:\/\/www.disfrutalapalma.com\/wp-content\/uploads\/Gabriela_4-2014-1.png\" alt=\"\" title=\"Gabriela_4-2014-1\" width=\"600\" height=\"449\" class=\"alignnone size-full wp-image-12025\" srcset=\"https:\/\/www.disfrutalapalma.com\/wp-content\/uploads\/Gabriela_4-2014-1.png 600w, https:\/\/www.disfrutalapalma.com\/wp-content\/uploads\/Gabriela_4-2014-1-300x224.png 300w, https:\/\/www.disfrutalapalma.com\/wp-content\/uploads\/Gabriela_4-2014-1-100x74.png 100w\" sizes=\"auto, (max-width: 600px) 100vw, 600px\" \/><\/div>\n<div style=\"font-style:italic;font-size:10px;margin-top:-55px;margin-left:140px;text-align:left;margin-bottom:25px;\">Fotos: Gabriele Beate Bachsteffel<\/div>\n<div style=\"margin-bottom:25px;font-size:28px;line-height:28px;font-weight:400;color:#BF8E08;\">Ketten &#038; Fotos<br \/>aus den \u201eSteinen der Weisen\u201c &#8230;<\/div>\n<div style=\"text-align:left;\">\n<div style=\"width:250px;height:250px;margin-left:20px;margin-top:10px;float:right;\"><img loading=\"lazy\" decoding=\"async\" src=\"http:\/\/www.disfrutalapalma.com\/wp-content\/uploads\/Gabriela_4-2014-2.jpg\" alt=\"\" title=\"Gabriela_4-2014-2\" width=\"250\" height=\"250\" class=\"alignnone size-full wp-image-12026\" srcset=\"https:\/\/www.disfrutalapalma.com\/wp-content\/uploads\/Gabriela_4-2014-2.jpg 250w, https:\/\/www.disfrutalapalma.com\/wp-content\/uploads\/Gabriela_4-2014-2-150x150.jpg 150w, https:\/\/www.disfrutalapalma.com\/wp-content\/uploads\/Gabriela_4-2014-2-100x100.jpg 100w\" sizes=\"auto, (max-width: 250px) 100vw, 250px\" \/><\/div>\n<p style=\"margin-bottom:0px;\"><span style=\"font-size:300%;font-weight:800;color:#BF8E08;\">G<\/span>abriela Beate Bachsteffel ist eine ungew\u00f6hnliche Frau. Bereits seit ihrer Jugend lebt sie innig mit Mineralien und Edelsteinen zusammen und l\u00e4sst daraus u.a. wundersch\u00f6ne Edelsteinketten entstehen. Dazu erstellt sie jeweils einen auf den Tr\u00e4ger\/die Tr\u00e4gerin zugeschnittenen Text, warum die Kette genau so und aus diesen bestimmten Steinen zusammengestellt ist und welche energetische Wirkung zu erwarten ist. &#8211; Seit einigen Jahren fotografiert Gabriela ihre Steine au\u00dferdem auf eine besonders au\u00dfergew\u00f6hnliche Art &#8211; und nur auf La Palma: Sie platziert sie mitten in der Natur und erschafft mit ihrer Makro-Technik faszinierende Abstraktionen, die enorme Kraft ausstrahlen und in diversen Pr\u00e4sentationen und Ausstellungen zu bewundern sind.<\/p>\n<\/div>\n<div style=\"clear:both;display:inline-table;border:1px solid #BF8E08;padding:5px;font-weight:600;margin-top:15px;width:auto;\">\u201eErdlicht OUR HOME\u201c?\u00b7?Avda. Islas Canarias, 14?\u00b7?Tel. +34 &#8211; 660 322 244<br \/>E-Mail: <a href=\"mailto:beatebachsteffel@yahoo.de\" style=\"color:#000;text-decoration:underline;\" onMouseOver=\"this.style.color='#BF8E08'\" onMouseOut=\"this.style.color='#000'\">beatebachsteffel@yahoo.de<\/a><\/div>\n<\/div>\n<p><!-- Ende Gabriela --><\/p>\n<p><!-- Dulce y Salado --><\/p>\n<div style=\"margin-bottom:80px;\">\n<div style=\"border-top:3px solid #BF8E08;border-bottom:3px solid #BF8E08;color:#000;padding:6px;font-size:22px;line-height:22px;font-weight:300;margin-bottom:15px;\">Restaurant Pizzer\u00eda <span style=\"font-weight:700;\">Dulce y Salado<\/span><\/div>\n<div style=\"width:600px;height:400px;margin-bottom:25px;\"><img loading=\"lazy\" decoding=\"async\" src=\"http:\/\/www.disfrutalapalma.com\/wp-content\/uploads\/Dulce_y_Salado_4-2014-1.jpg\" alt=\"\" title=\"Dulce_y_Salado_4-2014-1\" width=\"600\" height=\"400\" class=\"alignnone size-full wp-image-12038\" srcset=\"https:\/\/www.disfrutalapalma.com\/wp-content\/uploads\/Dulce_y_Salado_4-2014-1.jpg 600w, https:\/\/www.disfrutalapalma.com\/wp-content\/uploads\/Dulce_y_Salado_4-2014-1-300x200.jpg 300w, https:\/\/www.disfrutalapalma.com\/wp-content\/uploads\/Dulce_y_Salado_4-2014-1-100x66.jpg 100w\" sizes=\"auto, (max-width: 600px) 100vw, 600px\" \/><\/div>\n<div style=\"margin-bottom:25px;font-size:28px;line-height:28px;font-weight:400;color:#BF8E08;\">Gute Auswahl, sehr lecker, faire Preise<\/div>\n<div style=\"text-align:left;\">\n<div style=\"width:250px;height:250px;margin-left:20px;margin-top:10px;float:right;\"><img loading=\"lazy\" decoding=\"async\" src=\"http:\/\/www.disfrutalapalma.com\/wp-content\/uploads\/Dulce_y_Salado_4-2014-2.jpg\" alt=\"\" title=\"Dulce_y_Salado_4-2014-2\" width=\"250\" height=\"250\" class=\"alignnone size-full wp-image-12039\" srcset=\"https:\/\/www.disfrutalapalma.com\/wp-content\/uploads\/Dulce_y_Salado_4-2014-2.jpg 250w, https:\/\/www.disfrutalapalma.com\/wp-content\/uploads\/Dulce_y_Salado_4-2014-2-150x150.jpg 150w, https:\/\/www.disfrutalapalma.com\/wp-content\/uploads\/Dulce_y_Salado_4-2014-2-100x100.jpg 100w\" sizes=\"auto, (max-width: 250px) 100vw, 250px\" \/><\/div>\n<p style=\"margin-bottom:0px;\"><span style=\"font-size:300%;font-weight:800;color:#BF8E08;\">D<\/span>as Dulce y Salado geh\u00f6rt sicherlich zu den bestbesuchten Restaurants im Ortskern von El Paso. Nat\u00fcrlich nicht ohne Grund: Das sympathische deutsch-dominikanische P\u00e4rchen Thomas und Brixeida wird nicht m\u00fcde, ihre Kunden immer wieder aufs Neue mit tollen &#8211; zum Teil kreolischen &#8211; Gerichten, leckeren Pizza-Kreationen und fantastischen Nachspeisen zu verw\u00f6hnen. Extrem beliebt und fast schon legend\u00e4r sind die hausgemachten Ravioli und Tagliatelle, die selbstgemachten Desserts &#038; Kuchen sowie der frisch zubereitete Mangosaft mit den sehr aromatischen Fr\u00fcchten aus eigenem Anbau. Die wirklich gro\u00dfe Auswahl an knackigen Pizzas wird schlie\u00dflich jedem<br \/>\n&#8211; auch vegetarischen &#8211; Geschmack gerecht. &#8211; Sprich: Wer hier nichts findet, ist selber Schuld.<\/p>\n<\/div>\n<div style=\"clear:both;display:inline-table;border:1px solid #BF8E08;padding:5px;font-weight:600;margin-top:15px;width:auto;\">C\/Vista Alegre, 2?\u00b7?Tel. +34 &#8211; 922 497 349<\/div>\n<\/div>\n<p><!-- Ende Dulce y Salado --><\/p>\n<p><!-- Victoria Alem\u00e1n --><\/p>\n<div style=\"margin-bottom:80px;\">\n<div style=\"position:relative;z-index:2;text-align:right;margin-right:-8px;margin-top:-60px;\"><img loading=\"lazy\" decoding=\"async\" src=\"http:\/\/www.disfrutalapalma.com\/wp-content\/uploads\/VictoriaAleman_4-2014-4.png\" alt=\"\" title=\"VictoriaAleman_4-2014-4\" width=\"140\" height=\"177\" class=\"alignnone size-full wp-image-12046\" srcset=\"https:\/\/www.disfrutalapalma.com\/wp-content\/uploads\/VictoriaAleman_4-2014-4.png 140w, https:\/\/www.disfrutalapalma.com\/wp-content\/uploads\/VictoriaAleman_4-2014-4-79x100.png 79w\" sizes=\"auto, (max-width: 140px) 100vw, 140px\" \/><\/div>\n<div style=\"margin-top:-120px;position:relative;z-index:1;border-top:3px solid #BF8E08;border-bottom:3px solid #BF8E08;color:#000;padding:6px;font-size:22px;line-height:22px;font-weight:300;margin-bottom:15px;\">Sch\u00f6nheitszentrum <span style=\"font-weight:700;\">Victoria Alem\u00e1n<\/span><\/div>\n<div style=\"width:600px;height:400px;margin-bottom:25px;\"><img loading=\"lazy\" decoding=\"async\" src=\"http:\/\/www.disfrutalapalma.com\/wp-content\/uploads\/VictoriaAleman_4-2014-2.jpg\" alt=\"\" title=\"VictoriaAleman_4-2014-2\" width=\"600\" height=\"400\" class=\"alignnone size-full wp-image-12041\" srcset=\"https:\/\/www.disfrutalapalma.com\/wp-content\/uploads\/VictoriaAleman_4-2014-2.jpg 600w, https:\/\/www.disfrutalapalma.com\/wp-content\/uploads\/VictoriaAleman_4-2014-2-300x200.jpg 300w, https:\/\/www.disfrutalapalma.com\/wp-content\/uploads\/VictoriaAleman_4-2014-2-100x66.jpg 100w\" sizes=\"auto, (max-width: 600px) 100vw, 600px\" \/><\/div>\n<div style=\"margin-bottom:25px;font-size:28px;line-height:28px;font-weight:400;color:#BF8E08;\">F\u00fcr das innere und \u00e4u\u00dfere Wohlbefinden<\/div>\n<div style=\"text-align:left;\">\n<div style=\"width:250px;height:250px;margin-left:20px;margin-top:10px;float:right;\"><img loading=\"lazy\" decoding=\"async\" src=\"http:\/\/www.disfrutalapalma.com\/wp-content\/uploads\/VictoriaAleman_4-2014-1.jpg\" alt=\"\" title=\"VictoriaAleman_4-2014-1\" width=\"250\" height=\"250\" class=\"alignnone size-full wp-image-12042\" srcset=\"https:\/\/www.disfrutalapalma.com\/wp-content\/uploads\/VictoriaAleman_4-2014-1.jpg 250w, https:\/\/www.disfrutalapalma.com\/wp-content\/uploads\/VictoriaAleman_4-2014-1-150x150.jpg 150w, https:\/\/www.disfrutalapalma.com\/wp-content\/uploads\/VictoriaAleman_4-2014-1-100x100.jpg 100w\" sizes=\"auto, (max-width: 250px) 100vw, 250px\" \/><\/div>\n<p style=\"margin-bottom:0px;\"><span style=\"font-size:300%;font-weight:800;color:#BF8E08;\">S<\/span>chon, wenn man die Praxis von Victoria Alem\u00e1n betritt, wei\u00df man: Hier ist man bzw. frau gut aufgehoben! Das liegt zum einen an der offenen Art der sympathischen und &#8211; nebenbei bemerkt &#8211; h\u00fcbschen Victoria selbst, zum anderen an der relaxten Atmosph\u00e4re, die einen gleich \u201erunterkommen\u201c l\u00e4sst. &#8211; Victoria bietet ihren Klienten eine ganze Reihe an Wohlf\u00fchl-Dienstleistungen, mit denen sie sich in den vergangenen Jahren ein erstklassigen Ruf aufgebaut hat: Enthaarung (Wachs, elektrisch, Laser), Haut- und Gesichtspflege, Peelings, Cellulite-Behandlungen, Feuchtigkeitspflege, Make-up, Schmink-Schulungen, Manik\u00fcre, Handpflege, Pedik\u00fcre, Fu\u00dfpflege, k\u00fcnstliche Fingern\u00e4gel\/Nagel-Modellage sowie verschiedenste Massagen.<\/p>\n<\/div>\n<div style=\"clear:both;display:inline-table;border:1px solid #BF8E08;padding:5px;font-weight:600;margin-top:15px;width:auto;\">Avda. Islas Canarias, 11, Local C?\u00b7?Tel. +34 &#8211; 922 486 208<br \/>E-Mail: <a href=\"mailto:CEVictoriaAleman@hotmail.es\" style=\"color:#000;text-decoration:underline;\" onMouseOver=\"this.style.color='#BF8E08'\" onMouseOut=\"this.style.color='#000'\">CEVictoriaAleman@hotmail.es<\/a><\/div>\n<\/div>\n<p><!-- Ende Victoria Alem\u00e1n --><\/p>\n<p><!-- Mi Ventita --><\/p>\n<div style=\"margin-bottom:80px;\">\n<div style=\"border-top:3px solid #BF8E08;border-bottom:3px solid #BF8E08;color:#000;padding:6px;font-size:22px;line-height:22px;font-weight:300;margin-bottom:15px;\">Lebensmittelgesch\u00e4ft <span style=\"font-weight:700;\">Mi Ventita<\/span><\/div>\n<div style=\"width:600px;height:400px;margin-bottom:25px;\"><img loading=\"lazy\" decoding=\"async\" src=\"http:\/\/www.disfrutalapalma.com\/wp-content\/uploads\/MiVentita_4-2014-1.jpg\" alt=\"\" title=\"MiVentita_4-2014-1\" width=\"600\" height=\"400\" class=\"alignnone size-full wp-image-12054\" srcset=\"https:\/\/www.disfrutalapalma.com\/wp-content\/uploads\/MiVentita_4-2014-1.jpg 600w, https:\/\/www.disfrutalapalma.com\/wp-content\/uploads\/MiVentita_4-2014-1-300x200.jpg 300w, https:\/\/www.disfrutalapalma.com\/wp-content\/uploads\/MiVentita_4-2014-1-100x66.jpg 100w\" sizes=\"auto, (max-width: 600px) 100vw, 600px\" \/><\/div>\n<div style=\"margin-top:-140px;\"><img loading=\"lazy\" decoding=\"async\" src=\"http:\/\/www.disfrutalapalma.com\/wp-content\/uploads\/MiVentita_4-2014-3.png\" alt=\"\" title=\"MiVentita_4-2014-3\" width=\"600\" height=\"190\" class=\"alignnone size-full wp-image-12058\" srcset=\"https:\/\/www.disfrutalapalma.com\/wp-content\/uploads\/MiVentita_4-2014-3.png 600w, https:\/\/www.disfrutalapalma.com\/wp-content\/uploads\/MiVentita_4-2014-3-300x95.png 300w, https:\/\/www.disfrutalapalma.com\/wp-content\/uploads\/MiVentita_4-2014-3-100x31.png 100w\" sizes=\"auto, (max-width: 600px) 100vw, 600px\" \/><\/div>\n<div style=\"margin-bottom:25px;font-size:28px;line-height:28px;font-weight:400;color:#BF8E08;margin-top:-40px;\">Deutsche Gaumenfreuden,<br \/>auch f\u00fcr die Festtage<\/div>\n<div style=\"text-align:left;\">\n<div style=\"width:250px;height:250px;margin-left:20px;margin-top:10px;float:right;\"><img loading=\"lazy\" decoding=\"async\" src=\"http:\/\/www.disfrutalapalma.com\/wp-content\/uploads\/MiVentita_4-2014-2.jpg\" alt=\"\" title=\"MiVentita_4-2014-2\" width=\"250\" height=\"250\" class=\"alignnone size-full wp-image-12055\" srcset=\"https:\/\/www.disfrutalapalma.com\/wp-content\/uploads\/MiVentita_4-2014-2.jpg 250w, https:\/\/www.disfrutalapalma.com\/wp-content\/uploads\/MiVentita_4-2014-2-150x150.jpg 150w, https:\/\/www.disfrutalapalma.com\/wp-content\/uploads\/MiVentita_4-2014-2-100x100.jpg 100w\" sizes=\"auto, (max-width: 250px) 100vw, 250px\" \/><\/div>\n<p style=\"margin-bottom:0px;\"><span style=\"font-size:300%;font-weight:800;color:#BF8E08;\">M<\/span>ittlerweile hat sich die reizende \u00c1ngeles mit ihrem Lebensmittelgesch\u00e4ft Mi Ventita einen so guten Ruf aufgebaut, dass nicht nur deutsche bzw. westeurop\u00e4ische Konsumenten zu ihrem weiten Kundenkreis geh\u00f6ren, sondern auch viele Palmeros, die die Qualit\u00e4t und den Geschmack ihres immer frischen Gem\u00fcses und der vornehmlich deutschen Lebensmittel sch\u00e4tzen. &#8211; Zu den im Herbst\/Winter bevorstehenden Festen &#8211; vom Oktoberfest \u00fcber Weihnachten bis zur Silvesterparty &#8211; hat das Mi Ventita nun wieder seine Regale mit vielen typisch deutschen Festspezialit\u00e4ten gef\u00fcllt. Sprich: Auch auf La Palma steht einem z\u00fcnftigen Fest somit nichts mehr im Weg. Und sollte im Regal schlie\u00dflich doch noch etwas Wichtiges fehlen: \u00c1ngeles bestellt\u2019s bestimmt!<\/p>\n<\/div>\n<div style=\"clear:both;display:inline-table;border:1px solid #BF8E08;padding:5px;font-weight:600;margin-top:15px;width:auto;\">Carretera San Nicol\u00e1s, 41?\u00b7?Tel. +34 &#8211; 922 486 800<br \/>E-Mail: <a href=\"mailto:autoserviciomiventita@gmail.com\" style=\"color:#000;text-decoration:underline;\" onMouseOver=\"this.style.color='#BF8E08'\" onMouseOut=\"this.style.color='#000'\">autoserviciomiventita@gmail.com<\/a><\/div>\n<\/div>\n<p><!-- Ende Mi Ventita --><\/p>\n<p><!-- Sargento Pimienta --><\/p>\n<div style=\"margin-bottom:80px;\">\n<div style=\"border-top:3px solid #BF8E08;border-bottom:3px solid #BF8E08;color:#000;padding:6px;font-size:22px;line-height:22px;font-weight:300;margin-bottom:15px;\">Caf\u00e9 &#038; Tapasbar <span style=\"font-weight:700;\">Sargento Pimienta<\/span><\/div>\n<div style=\"width:600px;height:400px;margin-bottom:25px;\"><img loading=\"lazy\" decoding=\"async\" src=\"http:\/\/www.disfrutalapalma.com\/wp-content\/uploads\/SargentoPimienta_4-2014-1.jpg\" alt=\"\" title=\"SargentoPimienta_4-2014-1\" width=\"600\" height=\"400\" class=\"alignnone size-full wp-image-12062\" srcset=\"https:\/\/www.disfrutalapalma.com\/wp-content\/uploads\/SargentoPimienta_4-2014-1.jpg 600w, https:\/\/www.disfrutalapalma.com\/wp-content\/uploads\/SargentoPimienta_4-2014-1-300x200.jpg 300w, https:\/\/www.disfrutalapalma.com\/wp-content\/uploads\/SargentoPimienta_4-2014-1-100x66.jpg 100w\" sizes=\"auto, (max-width: 600px) 100vw, 600px\" \/><\/div>\n<div style=\"margin-bottom:25px;font-size:28px;line-height:28px;font-weight:400;color:#BF8E08;\">Der so ziemlich coolste Treffpunkt in El Paso<\/div>\n<div style=\"text-align:left;\">\n<div style=\"width:250px;height:250px;margin-left:20px;margin-top:10px;float:right;\"><img loading=\"lazy\" decoding=\"async\" src=\"http:\/\/www.disfrutalapalma.com\/wp-content\/uploads\/SargentoPimienta_4-2014-2.jpg\" alt=\"\" title=\"SargentoPimienta_4-2014-2\" width=\"250\" height=\"250\" class=\"alignnone size-full wp-image-12063\" srcset=\"https:\/\/www.disfrutalapalma.com\/wp-content\/uploads\/SargentoPimienta_4-2014-2.jpg 250w, https:\/\/www.disfrutalapalma.com\/wp-content\/uploads\/SargentoPimienta_4-2014-2-150x150.jpg 150w, https:\/\/www.disfrutalapalma.com\/wp-content\/uploads\/SargentoPimienta_4-2014-2-100x100.jpg 100w\" sizes=\"auto, (max-width: 250px) 100vw, 250px\" \/><\/div>\n<p style=\"margin-bottom:0px;\"><span style=\"font-size:300%;font-weight:800;color:#BF8E08;\">D<\/span>er Name (\u00dcbers.: <i>Sergeant Pepper<\/i>) ist hier Programm: Hier l\u00e4uft die noch handgemachte Musik der \u201eguten alten Zeiten\u201c, hier h\u00e4ngen noch LPs an den W\u00e4nden und in der Deko stehen Schlagzeug, E-Gitarre und Bass als Lobpreisung an diese Epoche. Hinter der Bar sorgen <i>Giselle<\/i> und <i>Laura<\/i> nicht nur f\u00fcr gute Laune, sondern auch f\u00fcr stetigen Nachschub an Getr\u00e4nken und leckeren &#8211; auch untypischen &#8211; Tapas (unser derzeitiger Favorit: <i>Currywurst \u00e1 la Oma Christa<\/i> mit Pommes und Salat sowie ein frisch gezapftes Bier). Das Publikum schlie\u00dflich ist bunt gemischt &#8211; Einheimische und Ausl\u00e4nder, Jung und Alt -, versteht sich blendend und ist immer gut drauf. &#8211; Fazit: Einfach, aber der so ziemlich coolste Treffpunkt in El Paso!<\/p>\n<\/div>\n<div style=\"clear:both;display:inline-table;border:1px solid #BF8E08;padding:5px;font-weight:600;margin-top:15px;width:auto;\">Avda. Islas Canarias, 11?\u00b7?Tel. +34 &#8211; 636 612 476<\/div>\n<\/div>\n<p><!-- Ende Sargento Pimienta --><\/p>\n<p><!-- La Tarta --><\/p>\n<div style=\"margin-bottom:80px;\">\n<div style=\"border-top:3px solid #BF8E08;border-bottom:3px solid #BF8E08;color:#000;padding:6px;font-size:22px;line-height:22px;font-weight:300;margin-bottom:15px;\">Deutsche Konditorei <span style=\"font-weight:700;\">La Tarta<\/span><\/div>\n<div style=\"width:640px;margin-left:-20px;margin-bottom:25px;margin-top:-30px;\"><img loading=\"lazy\" decoding=\"async\" src=\"http:\/\/www.disfrutalapalma.com\/wp-content\/uploads\/LaTarta_4-2014-1.png\" alt=\"\" title=\"LaTarta_4-2014-1\" width=\"640\" height=\"581\" class=\"alignnone size-full wp-image-12065\" srcset=\"https:\/\/www.disfrutalapalma.com\/wp-content\/uploads\/LaTarta_4-2014-1.png 640w, https:\/\/www.disfrutalapalma.com\/wp-content\/uploads\/LaTarta_4-2014-1-300x272.png 300w, https:\/\/www.disfrutalapalma.com\/wp-content\/uploads\/LaTarta_4-2014-1-100x90.png 100w\" sizes=\"auto, (max-width: 640px) 100vw, 640px\" \/><\/div>\n<div style=\"margin-top:-30px;margin-bottom:25px;font-size:28px;line-height:28px;font-weight:400;color:#BF8E08;\">Herrliche Torten, feinste Backwaren<br \/>&#038; ein L\u00e4cheln<\/div>\n<div>\n<div style=\"text-align:left;\">\n<div style=\"width:250px;height:250px;margin-left:20px;margin-top:10px;float:right;\"><img loading=\"lazy\" decoding=\"async\" src=\"http:\/\/www.disfrutalapalma.com\/wp-content\/uploads\/LaTarta_4-2014-2.jpg\" alt=\"\" title=\"LaTarta_4-2014-2\" width=\"250\" height=\"250\" class=\"alignnone size-full wp-image-12066\" srcset=\"https:\/\/www.disfrutalapalma.com\/wp-content\/uploads\/LaTarta_4-2014-2.jpg 250w, https:\/\/www.disfrutalapalma.com\/wp-content\/uploads\/LaTarta_4-2014-2-150x150.jpg 150w, https:\/\/www.disfrutalapalma.com\/wp-content\/uploads\/LaTarta_4-2014-2-100x100.jpg 100w\" sizes=\"auto, (max-width: 250px) 100vw, 250px\" \/><\/div>\n<p style=\"margin-bottom:0px;\"><span style=\"font-size:300%;font-weight:800;color:#BF8E08;\">W<\/span>er einmal davon gekostet hat, wird es nie wieder lassen k\u00f6nnen! Die Rede ist von den wunderbaren Torten und Kuchen der deutschen Konditorei <i>La Tarta<\/i>, in unmittelbarer N\u00e4he der Bank \u201ela caixa\u201c. Schon auf den ersten Blick versprechen die Torten wirklich viel. Hat man aber erst einmal probiert, ist man hoffnungslos in den H\u00e4nden der leidenschaftlichen Konditorin <i>Martina<\/i> &#8211; und man kommt immer und immer wieder. &#8211; Sie sind kein Kuchenfreund? Versuchen Sie es dann mal mit Martinas Brot, Br\u00f6tchen, Brezeln &#8230; Auch dabei wird es Ihnen nicht viel anders ergehen. Und: Auch dabei ist Ihnen ein L\u00e4cheln der sympathischen <i>Martina<\/i> sicher. Garantiert! <\/p>\n<\/div>\n<\/div>\n<div style=\"clear:both;text-align:center;width:640px;\">\n<div style=\"margin-left:auto;margin-right:auto;display:inline-table;border:1px solid #BF8E08;padding:5px;font-weight:600;margin-top:15px;width:auto;\">Avda. Islas Canarias, 12?\u00b7?Tel. +34 &#8211; 696 216 016<\/div>\n<\/div>\n<\/div>\n<p><!-- Ende La Tarta --><\/p>\n<p><!-- Cl\u00ednica Dental --><\/p>\n<div style=\"margin-bottom:80px;\">\n<div style=\"border-top:3px solid #BF8E08;border-bottom:3px solid #BF8E08;color:#000;padding:6px;font-size:22px;line-height:22px;font-weight:300;margin-bottom:15px;\">Zahnarztpraxis <span style=\"font-weight:700;\">Cristal<\/span><\/div>\n<div style=\"width:600px;height:400px;margin-bottom:25px;\"><img loading=\"lazy\" decoding=\"async\" src=\"http:\/\/www.disfrutalapalma.com\/wp-content\/uploads\/ClinicaDental_4-2014-2.jpg\" alt=\"\" title=\"ClinicaDental_4-2014-2\" width=\"600\" height=\"400\" class=\"alignnone size-full wp-image-12074\" srcset=\"https:\/\/www.disfrutalapalma.com\/wp-content\/uploads\/ClinicaDental_4-2014-2.jpg 600w, https:\/\/www.disfrutalapalma.com\/wp-content\/uploads\/ClinicaDental_4-2014-2-300x200.jpg 300w, https:\/\/www.disfrutalapalma.com\/wp-content\/uploads\/ClinicaDental_4-2014-2-100x66.jpg 100w\" sizes=\"auto, (max-width: 600px) 100vw, 600px\" \/><\/div>\n<div style=\"margin-bottom:25px;font-size:28px;line-height:28px;font-weight:400;color:#BF8E08;\">Angstfrei zu gesunden Z\u00e4hnen.<br \/>Und viel mehr &#8230;<\/div>\n<div style=\"text-align:left;\">\n<div style=\"width:250px;height:250px;margin-left:20px;margin-top:10px;float:right;\"><img loading=\"lazy\" decoding=\"async\" src=\"http:\/\/www.disfrutalapalma.com\/wp-content\/uploads\/ClinicaDental_4-2014-1.jpg\" alt=\"\" title=\"ClinicaDental_4-2014-1\" width=\"250\" height=\"250\" class=\"alignnone size-full wp-image-12075\" srcset=\"https:\/\/www.disfrutalapalma.com\/wp-content\/uploads\/ClinicaDental_4-2014-1.jpg 250w, https:\/\/www.disfrutalapalma.com\/wp-content\/uploads\/ClinicaDental_4-2014-1-150x150.jpg 150w, https:\/\/www.disfrutalapalma.com\/wp-content\/uploads\/ClinicaDental_4-2014-1-100x100.jpg 100w\" sizes=\"auto, (max-width: 250px) 100vw, 250px\" \/><\/div>\n<p style=\"margin-bottom:0px;\"><span style=\"font-size:300%;font-weight:800;color:#BF8E08;\">W<\/span>er kennt es nicht: das mulmige Gef\u00fchl im Magen, wenn ein Zahnarzttermin ansteht? Bei der Cl\u00ednica Dental Cristal geh\u00f6rt das der Vergangenheit an! &#8211; Bereits vor Jahren hat sich Zahnarzt <i>Jochen<\/i> auf verschiedene sehr einf\u00fchlsame Methoden spezialisiert, die seinen Patienten physisch und psychisch helfen und seine zahn\u00e4rztliche Arbeit positiv beeinflussen. Erw\u00e4hnt sei an dieser Stelle der spezielle Umgang mit Angstpatienten, die Entgiftung von zahnmedizinischen Schadstoffen (z.B. Amalgam) oder die sogenannte Holistische Zahnmedizin, die nicht nur Heilungsprozesse der Z\u00e4hne, sondern des gesamten K\u00f6rpers in Gang setzt. Doch das ist l\u00e4ngst nicht alles &#8211; es gibt noch viel mehr &#8230; Vereinbaren Sie doch einen unverbindlichen Beratungstermin!<\/p>\n<\/div>\n<div style=\"clear:both;display:inline-table;border:1px solid #BF8E08;padding:5px;font-weight:600;margin-top:15px;width:auto;\">Avenida Islas Canarias, 14?\u00b7?Tel.\/Fax +34 &#8211; 922 49 71 29?\u00b7?Notf\u00e4lle: 620 250 266<br \/>E-Mail: <a href=\"mailto:info@dental-cristal.com\" style=\"color:#000;text-decoration:underline;\" onMouseOver=\"this.style.color='#BF8E08'\" onMouseOut=\"this.style.color='#000'\">info@dental-cristal.com<\/a>?\u00b7?<a href=\"http:\/\/www.dental-cristal.com\" style=\"color:#000;text-decoration:underline;\" onMouseOver=\"this.style.color='#BF8E08'\" onMouseOut=\"this.style.color='#000'\" target=\"_blank\">www.dental-cristal.com<\/a><\/div>\n<\/div>\n<p><!-- Ende Cl\u00ednica Dental --><\/p>\n<p><!-- Carmen --><\/p>\n<div style=\"margin-bottom:80px;\">\n<div style=\"border-top:3px solid #BF8E08;border-bottom:3px solid #BF8E08;color:#000;padding:6px;font-size:22px;line-height:22px;font-weight:300;margin-bottom:15px;\">Restaurant <span style=\"font-weight:700;\">Carmen<\/span><\/div>\n<div style=\"width:600px;height:400px;margin-bottom:25px;\"><img loading=\"lazy\" decoding=\"async\" src=\"http:\/\/www.disfrutalapalma.com\/wp-content\/uploads\/Carmen_4-2014-1.jpg\" alt=\"\" title=\"Carmen_4-2014-1\" width=\"600\" height=\"400\" class=\"alignnone size-full wp-image-12078\" srcset=\"https:\/\/www.disfrutalapalma.com\/wp-content\/uploads\/Carmen_4-2014-1.jpg 600w, https:\/\/www.disfrutalapalma.com\/wp-content\/uploads\/Carmen_4-2014-1-300x200.jpg 300w, https:\/\/www.disfrutalapalma.com\/wp-content\/uploads\/Carmen_4-2014-1-100x66.jpg 100w\" sizes=\"auto, (max-width: 600px) 100vw, 600px\" \/><\/div>\n<div style=\"margin-bottom:25px;font-size:28px;line-height:28px;font-weight:400;color:#BF8E08;\">Feine K\u00fcche, tolle Weine, gepflegtes Ambiente<\/div>\n<div style=\"text-align:left;\">\n<div style=\"width:250px;height:250px;margin-left:20px;margin-top:10px;float:right;\"><img loading=\"lazy\" decoding=\"async\" src=\"http:\/\/www.disfrutalapalma.com\/wp-content\/uploads\/Carmen_4-2014-2.jpg\" alt=\"\" title=\"Carmen_4-2014-2\" width=\"250\" height=\"250\" class=\"alignnone size-full wp-image-12079\" srcset=\"https:\/\/www.disfrutalapalma.com\/wp-content\/uploads\/Carmen_4-2014-2.jpg 250w, https:\/\/www.disfrutalapalma.com\/wp-content\/uploads\/Carmen_4-2014-2-150x150.jpg 150w, https:\/\/www.disfrutalapalma.com\/wp-content\/uploads\/Carmen_4-2014-2-100x100.jpg 100w\" sizes=\"auto, (max-width: 250px) 100vw, 250px\" \/><\/div>\n<p style=\"margin-bottom:0px;\"><span style=\"font-size:300%;font-weight:800;color:#BF8E08;\">S<\/span>ch\u00f6ne Location, wei\u00dfe Tischdecke, wei\u00dfe Stoffservietten und ein stilvoller, in Schwarz gekleideter Service &#8211; das h\u00f6rt sich zuerst mal piekfein und abgehoben an. Nicht so beim <i>Restaurant Carmen<\/i>: Hier ist man einfach nur der Meinung, dass ein Gast auch wie ein Gast behandelt werden sollte. Nicht mehr, aber eben auch nicht weniger. Und genau dies macht das <i>Carmen<\/i> so sympathisch und beliebt.<br \/>\nDie Karte offeriert eine sehr gute K\u00fcche mit Fleisch-, Fisch- und vegetarischen Gerichten &#8211; Chefkoch <i>David<\/i> darf durchaus als Koryph\u00e4e bezeichnet werden &#8211; sowie ausgezeichnete Weine. \u00dcberraschend daneben das Preisniveau: Unserer Meinung nach \u00fcberaus fair!<\/p>\n<\/div>\n<div style=\"clear:both;display:inline-table;border:1px solid #BF8E08;padding:5px;font-weight:600;margin-top:15px;width:auto;\">Urbanizaci\u00f3n Celta, 1?\u00b7?Tel. +34 &#8211; 922 402 618<br \/>E-Mail: <a href=\"mailto:restcarmen@hotmail.com\" style=\"color:#000;text-decoration:underline;\" onMouseOver=\"this.style.color='#BF8E08'\" onMouseOut=\"this.style.color='#000'\">restcarmen@hotmail.com<\/a>?\u00b7?<a href=\"http:\/\/www.restcarmen.com\" style=\"color:#000;text-decoration:underline;\" onMouseOver=\"this.style.color='#BF8E08'\" onMouseOut=\"this.style.color='#000'\" target=\"_blank\">www.restcarmen.com<\/a><\/div>\n<\/div>\n<p><!-- Ende Carmen --><\/p>\n<p><!-- Manos Arriba --><\/p>\n<div style=\"margin-bottom:80px;\">\n<div style=\"border-top:3px solid #BF8E08;border-bottom:3px solid #BF8E08;color:#000;padding:6px;font-size:22px;line-height:22px;font-weight:300;margin-bottom:15px;\">Kunsthandwerk <span style=\"font-weight:700;\">Deliarte y Manos Arriba<\/span><\/div>\n<div style=\"width:600px;height:400px;margin-bottom:25px;\"><img loading=\"lazy\" decoding=\"async\" src=\"http:\/\/www.disfrutalapalma.com\/wp-content\/uploads\/ManosArriba_4-2014-2.png\" alt=\"\" title=\"ManosArriba_4-2014-2\" width=\"600\" height=\"400\" class=\"alignnone size-full wp-image-12084\" srcset=\"https:\/\/www.disfrutalapalma.com\/wp-content\/uploads\/ManosArriba_4-2014-2.png 600w, https:\/\/www.disfrutalapalma.com\/wp-content\/uploads\/ManosArriba_4-2014-2-300x200.png 300w, https:\/\/www.disfrutalapalma.com\/wp-content\/uploads\/ManosArriba_4-2014-2-100x66.png 100w\" sizes=\"auto, (max-width: 600px) 100vw, 600px\" \/><\/div>\n<div style=\"margin-bottom:25px;font-size:28px;line-height:28px;font-weight:400;color:#BF8E08;\">Kunsthandwerk aus La Palma,<br \/>modern &#038; apart<\/div>\n<div style=\"text-align:left;\">\n<div style=\"width:250px;height:250px;margin-left:20px;margin-top:10px;float:right;\"><img loading=\"lazy\" decoding=\"async\" src=\"http:\/\/www.disfrutalapalma.com\/wp-content\/uploads\/ManosArriba_4-2014-1.jpg\" alt=\"\" title=\"ManosArriba_4-2014-1\" width=\"250\" height=\"250\" class=\"alignnone size-full wp-image-12085\" srcset=\"https:\/\/www.disfrutalapalma.com\/wp-content\/uploads\/ManosArriba_4-2014-1.jpg 250w, https:\/\/www.disfrutalapalma.com\/wp-content\/uploads\/ManosArriba_4-2014-1-150x150.jpg 150w, https:\/\/www.disfrutalapalma.com\/wp-content\/uploads\/ManosArriba_4-2014-1-100x100.jpg 100w\" sizes=\"auto, (max-width: 250px) 100vw, 250px\" \/><\/div>\n<p style=\"margin-bottom:0px;\"><span style=\"font-size:300%;font-weight:800;color:#BF8E08;\">K<\/span>unsthandwerk auf hohem Niveau findet sich auf La Palma nicht an jeder Stra\u00dfenecke. Wer etwas sucht, was ausgefallen ist und zudem in die heutige Zeit passt, dem sei der sch\u00f6ne Laden von <i>Manos Arriba<\/i> schr\u00e4g gegen\u00fcber der Post ans Herz gelegt. Hier finden sich nicht nur viele Unikate ausgew\u00e4hlter, auf La Palma lebender Kunsthandwerker, sondern auch die tolle Leder-Kollektion der zu <i>Manos Arriba<\/i> geh\u00f6renden Lederwerkstatt <i>deliarte<\/i>: Handgearbeitete Taschen &#038; Accessoires sowie die mittlerweile europaweit beliebten Hausschuhe f\u00fcr Gro\u00df und Klein. Sprich: Der Besuch des tollen Ladens lohnt unbedingt!<\/p>\n<\/div>\n<div style=\"clear:both;display:inline-table;border:1px solid #BF8E08;padding:5px;font-weight:600;margin-top:15px;width:auto;\">C\/Manuel Ta\u00f1o, 9?\u00b7?Tel. +34 &#8211; 656 736 580?\u00b7?Webshop: <a href=\"http:\/\/www.deliarte.de\" style=\"color:#000;text-decoration:underline;\" onMouseOver=\"this.style.color='#BF8E08'\" onMouseOut=\"this.style.color='#000'\" target=\"_blank\">www.deliarte.de<\/a><br \/>Di-Fr 10:00-13:30 h?\u00b7?Flohmarkt Argual So 8:00-14:00 h<\/div>\n<\/div>\n<p><!-- Ende Manos Arriba --><\/p>\n<p><!-- El Campo --><\/p>\n<div style=\"margin-bottom:80px;\">\n<div style=\"border-top:3px solid #BF8E08;border-bottom:3px solid #BF8E08;color:#000;padding:6px;font-size:22px;line-height:22px;font-weight:300;margin-bottom:15px;\">Naturkost <span style=\"font-weight:700;\">El Campo<\/span><\/div>\n<div style=\"width:600px;height:400px;margin-bottom:25px;\"><img loading=\"lazy\" decoding=\"async\" src=\"http:\/\/www.disfrutalapalma.com\/wp-content\/uploads\/ElCampo_4-2014-2.jpg\" alt=\"\" title=\"ElCampo_4-2014-2\" width=\"600\" height=\"400\" class=\"alignnone size-full wp-image-12088\" srcset=\"https:\/\/www.disfrutalapalma.com\/wp-content\/uploads\/ElCampo_4-2014-2.jpg 600w, https:\/\/www.disfrutalapalma.com\/wp-content\/uploads\/ElCampo_4-2014-2-300x200.jpg 300w, https:\/\/www.disfrutalapalma.com\/wp-content\/uploads\/ElCampo_4-2014-2-100x66.jpg 100w\" sizes=\"auto, (max-width: 600px) 100vw, 600px\" \/><\/div>\n<div style=\"margin-bottom:25px;font-size:28px;line-height:28px;font-weight:400;color:#BF8E08;\">Forever young:<br \/>La Palmas erster Naturkostladen<\/div>\n<div style=\"text-align:left;\">\n<div style=\"width:250px;height:250px;margin-left:20px;margin-top:10px;float:right;\"><img loading=\"lazy\" decoding=\"async\" src=\"http:\/\/www.disfrutalapalma.com\/wp-content\/uploads\/ElCampo_4-2014-1.jpg\" alt=\"\" title=\"ElCampo_4-2014-1\" width=\"250\" height=\"250\" class=\"alignnone size-full wp-image-12089\" srcset=\"https:\/\/www.disfrutalapalma.com\/wp-content\/uploads\/ElCampo_4-2014-1.jpg 250w, https:\/\/www.disfrutalapalma.com\/wp-content\/uploads\/ElCampo_4-2014-1-150x150.jpg 150w, https:\/\/www.disfrutalapalma.com\/wp-content\/uploads\/ElCampo_4-2014-1-100x100.jpg 100w\" sizes=\"auto, (max-width: 250px) 100vw, 250px\" \/><\/div>\n<p style=\"margin-bottom:0px;\"><span style=\"font-size:300%;font-weight:800;color:#BF8E08;\">N<\/span>och immer befindet sich der Bio-Pionier und erste Naturkostladen der Insel an der Stelle, wo er bereits vor 28 Jahren er\u00f6ffnet hat: in der Kurve der Hauptstra\u00dfe am Ortsausgang von El Paso in Richtung Los Llanos. Neben Naturkost-Klassikern und hochwertigen Nahrungserg\u00e4nzungsmitteln offeriert Inhaberin <i>Brigitte<\/i> in ihrem h\u00fcbschen Laden auch einige Besonderheiten, die man sonst in El Paso bzw. auf La Palma gar nicht findet: vom veganen Bio-Dinkel-Vollkorn-Geb\u00e4ck bis zu einer wirklich gro\u00dfen Auswahl an chicer Bio-Wellness-Mode der Marke Spirit of OM. \u2013 Wir meinen: <i>El Campo<\/i> ist auch nach 28 Jahren noch immer jung!<\/p>\n<\/div>\n<div style=\"clear:both;display:inline-table;border:1px solid #BF8E08;padding:5px;font-weight:600;margin-top:15px;width:auto;\">Carretera General, 1?\u00b7?Tel. +34 &#8211; 922 485 407?\u00b7?E-Mail: <a href=\"mailto:brigitte-elcampo@hotmail.com\" style=\"color:#000;text-decoration:underline;\" onMouseOver=\"this.style.color='#BF8E08'\" onMouseOut=\"this.style.color='#000'\">brigitte-elcampo@hotmail.com<\/a><\/div>\n<\/div>\n<p><!-- Ende El Campo --><\/p>\n<p><!-- Las Alas --><\/p>\n<div style=\"margin-bottom:80px;\">\n<div style=\"border-top:3px solid #BF8E08;border-bottom:3px solid #BF8E08;color:#000;padding:6px;font-size:22px;line-height:22px;font-weight:300;margin-bottom:15px;\">Betreutes Wohnen <span style=\"font-weight:700;\">Las Alas<\/span><\/div>\n<div style=\"width:600px;height:400px;margin-bottom:25px;\"><img loading=\"lazy\" decoding=\"async\" src=\"http:\/\/www.disfrutalapalma.com\/wp-content\/uploads\/LasAlas_4-2014-1.jpg\" alt=\"\" title=\"LasAlas_4-2014-1\" width=\"600\" height=\"400\" class=\"alignnone size-full wp-image-12092\" srcset=\"https:\/\/www.disfrutalapalma.com\/wp-content\/uploads\/LasAlas_4-2014-1.jpg 600w, https:\/\/www.disfrutalapalma.com\/wp-content\/uploads\/LasAlas_4-2014-1-300x200.jpg 300w, https:\/\/www.disfrutalapalma.com\/wp-content\/uploads\/LasAlas_4-2014-1-100x66.jpg 100w\" sizes=\"auto, (max-width: 600px) 100vw, 600px\" \/><\/div>\n<div style=\"margin-bottom:25px;font-size:28px;line-height:28px;font-weight:400;color:#BF8E08;\">Sorgenlose Ferien &#8211; barrierefrei<br \/>&#038; mit Betreuung<\/div>\n<div style=\"text-align:left;\">\n<div style=\"width:250px;height:250px;margin-left:20px;margin-top:10px;float:right;\"><img loading=\"lazy\" decoding=\"async\" src=\"http:\/\/www.disfrutalapalma.com\/wp-content\/uploads\/LasAlas_4-2014-2.jpg\" alt=\"\" title=\"LasAlas_4-2014-2\" width=\"250\" height=\"250\" class=\"alignnone size-full wp-image-12093\" srcset=\"https:\/\/www.disfrutalapalma.com\/wp-content\/uploads\/LasAlas_4-2014-2.jpg 250w, https:\/\/www.disfrutalapalma.com\/wp-content\/uploads\/LasAlas_4-2014-2-150x150.jpg 150w, https:\/\/www.disfrutalapalma.com\/wp-content\/uploads\/LasAlas_4-2014-2-100x100.jpg 100w\" sizes=\"auto, (max-width: 250px) 100vw, 250px\" \/><\/div>\n<p style=\"margin-bottom:0px;\"><span style=\"font-size:300%;font-weight:800;color:#BF8E08;\">M<\/span>enschen mit eingeschr\u00e4nkter Physiologie haben es nicht leicht, auf La Palma Erholung vom Alltag zu finden, ohne dabei auf bed\u00fcrfnisgerechte Gegebenheiten verzichten zu m\u00fcssen. &#8211; Die kleine, seit den 90er-Jahren familiengef\u00fchrte Ferienanlage <i>Residencial Las Alas<\/i> bietet ihren G\u00e4sten &#8211; ganz gleich, ob an den Rollstuhl gebunden oder gehunf\u00e4hig &#8211; alles, um den Urlaub oder auch l\u00e4ngere Aufenthalte ausgiebig genie\u00dfen zu k\u00f6nnen: rollstuhlgerechte, ebenerdige Apartments, behindertengerechte Pools sowie auf Wunsch sogar herzliche Betreuung und erfahrene Hilfe. Au\u00dferdem: Rollstuhlverleih &#8211; nicht nur f\u00fcr Las-Alas-G\u00e4ste.<\/p>\n<\/div>\n<div style=\"clear:both;display:inline-table;border:1px solid #BF8E08;padding:5px;font-weight:600;margin-top:15px;width:auto;\">Residencial Las Alas S.L.?\u00b7?Manfred &#038; Monika Fl\u00fcgel?\u00b7?C\/Tajuya A, 4<br \/>Tel. +34 &#8211; 922 485 249 &#038; +34 &#8211; 922 403 461?\u00b7?E-Mail: <a href=\"mailto:lasalas@gmx.de\" style=\"color:#000;text-decoration:underline;\" onMouseOver=\"this.style.color='#BF8E08'\" onMouseOut=\"this.style.color='#000'\">lasalas@gmx.de<\/a>?\u00b7?<a href=\"http:\/\/www.lasalas.eu\" style=\"color:#000;text-decoration:underline;\" onMouseOver=\"this.style.color='#BF8E08'\" onMouseOut=\"this.style.color='#000'\" target=\"_blank\">www.lasalas.eu<\/a><\/div>\n<\/div>\n<p><!-- Ende Las Alas --><\/p>\n<p><!-- Mercadillo El Paso --><\/p>\n<div style=\"margin-bottom:80px;\">\n<div style=\"border-top:3px solid #BF8E08;border-bottom:3px solid #BF8E08;color:#000;padding:6px;font-size:22px;line-height:22px;font-weight:300;margin-bottom:15px;\">Markthalle <span style=\"font-weight:700;\">El Paso<\/span><\/div>\n<div style=\"width:600px;height:400px;margin-bottom:25px;\"><img loading=\"lazy\" decoding=\"async\" src=\"http:\/\/www.disfrutalapalma.com\/wp-content\/uploads\/MercadilloElPaso_4-2014-1.jpg\" alt=\"\" title=\"MercadilloElPaso_4-2014-1\" width=\"600\" height=\"400\" class=\"alignnone size-full wp-image-12096\" srcset=\"https:\/\/www.disfrutalapalma.com\/wp-content\/uploads\/MercadilloElPaso_4-2014-1.jpg 600w, https:\/\/www.disfrutalapalma.com\/wp-content\/uploads\/MercadilloElPaso_4-2014-1-300x200.jpg 300w, https:\/\/www.disfrutalapalma.com\/wp-content\/uploads\/MercadilloElPaso_4-2014-1-100x66.jpg 100w\" sizes=\"auto, (max-width: 600px) 100vw, 600px\" \/><\/div>\n<div style=\"margin-bottom:25px;font-size:28px;line-height:28px;font-weight:400;color:#BF8E08;\">Frisch, vielf\u00e4ltig und alles zu fairen Preisen<\/div>\n<div style=\"text-align:left;\">\n<div style=\"width:250px;height:250px;margin-left:20px;margin-top:10px;float:right;\"><img loading=\"lazy\" decoding=\"async\" src=\"http:\/\/www.disfrutalapalma.com\/wp-content\/uploads\/MercadilloElPaso_4-2014-2.jpg\" alt=\"\" title=\"MercadilloElPaso_4-2014-2\" width=\"250\" height=\"250\" class=\"alignnone size-full wp-image-12097\" srcset=\"https:\/\/www.disfrutalapalma.com\/wp-content\/uploads\/MercadilloElPaso_4-2014-2.jpg 250w, https:\/\/www.disfrutalapalma.com\/wp-content\/uploads\/MercadilloElPaso_4-2014-2-150x150.jpg 150w, https:\/\/www.disfrutalapalma.com\/wp-content\/uploads\/MercadilloElPaso_4-2014-2-100x100.jpg 100w\" sizes=\"auto, (max-width: 250px) 100vw, 250px\" \/><\/div>\n<p style=\"margin-bottom:0px;\"><span style=\"font-size:300%;font-weight:800;color:#BF8E08;\">\u00bfW<\/span>o kann man Lebensmittel frischer kaufen, als beim Produzenten selbst? Wo l\u00e4sst sich K\u00e4se, Brot &#038; Geb\u00e4ck, Lik\u00f6r, Schmuck oder andere Produkte besser erstehen, als direkt vom Hersteller? &#8211; In der Markthalle von El Paso treffen Sie all\u2019 die Produzenten pers\u00f6nlich, k\u00f6nnen probieren, testen und begutachten &#8211; und bekommen Ihre Eink\u00e4ufe zu guter Letzt sogar zu einem konkurrenzlosen Preis. Und die Atmosph\u00e4re erst: An jedem Stand  duftet es anders, in jedem Gang wartet eine neue \u00dcberraschung und es scheint, als ginge die gute Laune hier nicht aus. &#8211; Der Mercadillo in El Paso ist zwar nicht riesig, daf\u00fcr aber umso sympathischer!\n<\/p>\n<\/div>\n<div style=\"clear:both;display:inline-table;border:1px solid #BF8E08;padding:5px;font-weight:600;margin-top:15px;width:auto;\">Paso de Abajo (unterhalb des Touristenzentrums)?\u00b7?Tel. +34 &#8211; 922 485 130 ext. 244<br \/>E-Mail: <a href=\"mailto:mercadillo@elpaso.es\" style=\"color:#000;text-decoration:underline;\" onMouseOver=\"this.style.color='#BF8E08'\" onMouseOut=\"this.style.color='#000'\">mercadillo@elpaso.es<\/a><\/div>\n<\/div>\n<p><!-- Ende Mercadillo El Paso --><\/p>\n<p><!-- Inmobiliaria La Palma --><\/p>\n<div style=\"margin-bottom:0px;\">\n<div style=\"border-top:3px solid #BF8E08;border-bottom:3px solid #BF8E08;color:#000;padding:6px;font-size:22px;line-height:22px;font-weight:300;margin-bottom:15px;font-weight:700;\">Immobilien La Palma<\/div>\n<div style=\"width:600px;height:400px;\">[vslider name=&#8220;InmobiliariaLP420141&#8243;]<\/div>\n<div style=\"font-size:10px;font-style:italic;text-align:right;margin-bottom:25px;margin-top:3px;\">Fotos oben: Inmobiliaria La Palma<\/div>\n<div style=\"margin-bottom:25px;font-size:28px;line-height:28px;font-weight:400;color:#BF8E08;\">Hier findet nicht nur jeder das Haus seiner Tr\u00e4ume, hier ist die pers\u00f6nliche Rundum-Betreuung inklusive!<\/div>\n<div style=\"text-align:left;\">\n<p style=\"margin-bottom:0px;\"><span style=\"font-size:300%;font-weight:800;color:#BF8E08;\">W<\/span>er kennt das nicht: Man ist auf seiner Lieblingsinsel mit tollem Flair, fantastischer Landschaft und dem blauen Atlantik und tr\u00e4umt davon, eben genau hier zu leben und ein schickes Haus sein Eigen nennen zu d\u00fcrfen &#8230;!? Diese Tr\u00e4ume kennt Leo Bohnke sowie sein Team nur zu gut &#8211; schlie\u00dflich ist es ihm vor langer Zeit sehr \u00e4hnlich ergangen.<br \/>\nVor \u00fcber 25 Jahren hat der geb\u00fcrtige Franzose auf Basis seiner hier gemachten Erfahrungen begonnen, diese Tr\u00e4ume seiner meist ausl\u00e4ndischen Kunden in Erf\u00fcllung gehen zu lassen &#8211; und zwar ohne dass daraus am Ende Alptr\u00e4ume werden. \u201eSchlie\u00dflich\u201c, so meint er, \u201eist der Eigentumserwerb auf La Palma ein Thema f\u00fcr sich und mit vielen T\u00fccken verbunden, wenn man nicht gut aufpasst, die Rechtslage nicht kennt oder auch nicht kompetent beraten wird\u201c.<\/p>\n<div style=\"width:250px;height:250px;margin-left:20px;float:right;\">[vslider name=&#8220;InmobiliariaLP420142&#8243;]<\/div>\n<p style=\"margin-bottom:0px;\">Die langj\u00e4hrige Erfahrung, sehr viel Einf\u00fchlungsverm\u00f6gen f\u00fcr die W\u00fcnsche der Kunden und die Vielsprachigkeit des Teams (Spanisch, Deutsch, Englisch, Franz\u00f6sisch etc.) haben Leos inmobiliaria La Palma zu einer der kompetentesten Immobilienb\u00fcros der Insel &#8211; \u00fcbrigens mit einem riesigen Angebot in allen Gr\u00f6\u00dfenordnungen &#8211; werden lassen. Wichtig: Und auch, nachdem das Traumhaus schon l\u00e4ngst gefunden wurde, steht das Team der inmobiliaria La Palma noch jederzeit mit Rat und Tat zur Seite!<span style=\"color:#000;font-weight:bold;font-size:20px;position:relative;top:3px;\">? <\/span><\/p>\n<\/div>\n<div style=\"clear:both;display:inline-table;border:1px solid #BF8E08;padding:5px;font-weight:600;margin-top:15px;width:auto;margin-bottom:0px;\">Antonio Gonz\u00e1lez Su\u00e1rez, 1<br \/>Tel. +34 &#8211; 922 486 660?\u00b7?Fax +34 &#8211; 922 486 661?\u00b7?Handy +34 &#8211; 680 491 995<br \/>E-Mail: <a href=\"mailto:info@inmobiliaria-lapalma.com\" style=\"color:#000;text-decoration:underline;\" onMouseOver=\"this.style.color='#BF8E08'\" onMouseOut=\"this.style.color='#000'\">info@inmobiliaria-lapalma.com<\/a>?\u00b7?<a href=\"http:\/\/www.inmobiliaria-lapalma.com\" target=\"_blank\" style=\"color:#000;text-decoration:underline;\" onMouseOver=\"this.style.color='#BF8E08'\" onMouseOut=\"this.style.color='#000'\">www.inmobiliaria-lapalma.com<\/a><\/div>\n<\/div>\n<p><!-- Ende Inmobiliaria La Palma -->\n<\/div>\n<div class=\"associated-posts title-full-content\"><\/div>\n","protected":false},"excerpt":{"rendered":"<p>SO GROSSARTIG IST Essen, Trinken,Shopping &#038; mehr Texte &#038; Fotos:UWE S. MESCHEDE<\/p>\n","protected":false},"author":3004,"featured_media":13124,"comment_status":"closed","ping_status":"closed","sticky":false,"template":"","format":"standard","meta":{"_acf_changed":false,"footnotes":""},"categories":[16],"tags":[],"class_list":["post-12696","post","type-post","status-publish","format-standard","has-post-thumbnail","hentry","category-cat_archiv"],"acf":[],"_links":{"self":[{"href":"https:\/\/www.disfrutalapalma.com\/de\/wp-json\/wp\/v2\/posts\/12696","targetHints":{"allow":["GET"]}}],"collection":[{"href":"https:\/\/www.disfrutalapalma.com\/de\/wp-json\/wp\/v2\/posts"}],"about":[{"href":"https:\/\/www.disfrutalapalma.com\/de\/wp-json\/wp\/v2\/types\/post"}],"author":[{"embeddable":true,"href":"https:\/\/www.disfrutalapalma.com\/de\/wp-json\/wp\/v2\/users\/3004"}],"replies":[{"embeddable":true,"href":"https:\/\/www.disfrutalapalma.com\/de\/wp-json\/wp\/v2\/comments?post=12696"}],"version-history":[{"count":10,"href":"https:\/\/www.disfrutalapalma.com\/de\/wp-json\/wp\/v2\/posts\/12696\/revisions"}],"predecessor-version":[{"id":14451,"href":"https:\/\/www.disfrutalapalma.com\/de\/wp-json\/wp\/v2\/posts\/12696\/revisions\/14451"}],"wp:featuredmedia":[{"embeddable":true,"href":"https:\/\/www.disfrutalapalma.com\/de\/wp-json\/wp\/v2\/media\/13124"}],"wp:attachment":[{"href":"https:\/\/www.disfrutalapalma.com\/de\/wp-json\/wp\/v2\/media?parent=12696"}],"wp:term":[{"taxonomy":"category","embeddable":true,"href":"https:\/\/www.disfrutalapalma.com\/de\/wp-json\/wp\/v2\/categories?post=12696"},{"taxonomy":"post_tag","embeddable":true,"href":"https:\/\/www.disfrutalapalma.com\/de\/wp-json\/wp\/v2\/tags?post=12696"}],"curies":[{"name":"wp","href":"https:\/\/api.w.org\/{rel}","templated":true}]}}