{"id":12357,"date":"2014-09-30T17:25:50","date_gmt":"2014-09-30T16:25:50","guid":{"rendered":"http:\/\/www.disfrutalapalma.com\/?p=12357"},"modified":"2015-03-25T18:49:50","modified_gmt":"2015-03-25T17:49:50","slug":"kurzmeldungen-oktober-2014","status":"publish","type":"post","link":"https:\/\/www.disfrutalapalma.com\/de\/2014\/09\/kurzmeldungen-oktober-2014\/","title":{"rendered":"Kurzmeldungen &#8211; Oktober 2014"},"content":{"rendered":"<div style=\"margin-bottom:15px;width:610px;margin-top:5px;padding:15px;background-color:#F1F1F1;-moz-border-radius: 9px;-webkit-border-radius: 9px;-khtml-border-radius: 9px; -o-border-radius:9px;border-bottom:1px #D0D0D0 solid; border-right:1px #D0D0D0 solid;\">\n<div style=\"font-weight: bold;margin-top:0px;margin-bottom:10px;font-size:18px;\">Besonderer La-Palma-Reisef\u00fchrer<\/div>\n<div style=\"float:left; width:200px; margin-right:15px;margin-bottom:10px;\"><img loading=\"lazy\" decoding=\"async\" src=\"http:\/\/www.disfrutalapalma.com\/wp-content\/uploads\/cover-la-palma-reisebuch-NEU.jpg\" alt=\"\" title=\"cover-la-palma-reisebuch-NEU\" width=\"200\" height=\"316\" class=\"alignnone size-full wp-image-11725\" srcset=\"https:\/\/www.disfrutalapalma.com\/wp-content\/uploads\/cover-la-palma-reisebuch-NEU.jpg 200w, https:\/\/www.disfrutalapalma.com\/wp-content\/uploads\/cover-la-palma-reisebuch-NEU-189x300.jpg 189w, https:\/\/www.disfrutalapalma.com\/wp-content\/uploads\/cover-la-palma-reisebuch-NEU-63x100.jpg 63w\" sizes=\"auto, (max-width: 200px) 100vw, 200px\" \/><\/div>\n<div style=\"float:left;font-size: 12px; line-height: 14px; width:365px;\">\n<p style=\"margin-top:0px;\">Gerade ist der von der auf La Palma lebenden <i>Ines Dietrich<\/i> geschriebene und vom <i>Konkursbuch-Verlag Claudia Gehrke<\/i> verlegte Reisef\u00fchrer <i>Geheimnisse der Insel La Palma &#8211; Ein Reisef\u00fchrer durch 12 Monate<\/i> herausgekommen. Das 384 Seiten starke Buch ist reich bebildert und offenbart viel Interessantes aus Insidersicht. &#8211; Zudem veranstaltet der Verlag auch in diesem Jahr wieder die zweisprachige Kanarische Literaturnacht in der Casa Massieu\/Tazacorte: 19.12.2014, 20:00 h. Eintritt frei.<br \/>Weitere Termine des Verlags:<br \/>12.12.2014 um 19:00 h im Sal\u00f3n Noble de la Casa Salazar in Santa Cruz de La Palma: Zweisprachige Pr\u00e4sentation von zwei La-Palma-B\u00fcchern mit Lesungen und Talkrunde sowie mit Live-Musik und Bildpr\u00e4sentation historischer La-Palma-Bilder<br \/>16.12.2014 um 20:00 h im La Luna, Los Llanos: Erotische Lesung (zweisprachig) mit Performance. Zarte, harte, heitere, br\u00fcllend-komische, aufregende und romantische Short Stories, Glossen, Gedichte und Romanfragmente.<br \/>2.1.2015 um 20:00 h im La Luna, Los Llanos: Lesung aus dem La-Palma-Thriller sowie Performance<\/p>\n<\/div>\n<div style=\"clear:both;border-bottom:#999 1px dotted;margin-top:10px;margin-bottom:10px;\"><\/div>\n<div style=\"font-weight: bold;margin-top:0px;margin-bottom:10px;font-size:18px;\"><i>Ralfs Insel<\/i>: Kurzfilm mit sch\u00f6nen Bildern<\/div>\n<div><a href=\"\/RalfsInsel.html\" target=\"_blank\"><img loading=\"lazy\" decoding=\"async\" src=\"http:\/\/www.disfrutalapalma.com\/wp-content\/uploads\/RalfsInsel.jpg\" alt=\"\" title=\"RalfsInsel\" width=\"610\" height=\"258\" class=\"alignnone size-full wp-image-11729\" srcset=\"https:\/\/www.disfrutalapalma.com\/wp-content\/uploads\/RalfsInsel.jpg 610w, https:\/\/www.disfrutalapalma.com\/wp-content\/uploads\/RalfsInsel-300x126.jpg 300w, https:\/\/www.disfrutalapalma.com\/wp-content\/uploads\/RalfsInsel-100x42.jpg 100w\" sizes=\"auto, (max-width: 610px) 100vw, 610px\" \/><\/a><\/div>\n<div style=\"font-size: 12px; line-height: 14px; width:610px;text-align:left;margin-bottom:0px;\">\n<p style=\"margin-top:0px;margin-bottom:0px;\">Regisseur <i>Fritz Maurer<\/i> und eine Handvoll Laiendarsteller haben 2013 auf La Palma einen Kurzfilm mit fiktiver Handlung und reichlich sch\u00f6nen Bildern gedreht. Wer Lust auf ein halbes St\u00fcndchen Mu\u00dfe hat, kann sich den Film <i>Ralfs Insel<\/i> <a href=\"\/RalfsInsel.html\" target=\"_blank\">HIER<\/a> ansehen.<\/p>\n<\/div>\n<div style=\"border-bottom:#999 1px dotted;margin-top:10px;margin-bottom:10px;\"><\/div>\n<div style=\"font-weight: bold;margin-top:0px;margin-bottom:10px;font-size:18px;\">Urlaubs-Event mit Langzeitwirkung<\/div>\n<div style=\"float:left; width:200px; margin-right:15px;margin-bottom:0px;height:200px;\"><img loading=\"lazy\" decoding=\"async\" src=\"http:\/\/www.disfrutalapalma.com\/wp-content\/uploads\/Nueva_Vida2-14-2.jpg\" alt=\"\" title=\"Nueva_Vida2-14-2\" width=\"200\" height=\"200\" class=\"alignnone size-full wp-image-10920\" \/><\/div>\n<div style=\"font-size: 12px; line-height: 14px; width:610px;margin-bottom:0px;\">\n<p style=\"margin-top:0px;margin-bottom:0px;\">Auf La Palma kann man nicht nur Sonne, Landschaft und Meer entdecken, sondern auch sich selbst: Professionelles Farb-Coaching bei <i>Nueva Vida<\/i> in Los Llanos sorgt f\u00fcr positive \u00dcberraschungen bez\u00fcglich der eigenen Wirkung auf andere sowie des pers\u00f6nlichen Wohlbefindens. F\u00fcr Frauen und M\u00e4nner! Interessant: Ab einem Einkauf von 3 Kleidungsst\u00fccken gratis!<\/p>\n<\/div>\n<div style=\"clear:both;margin-top:0px;margin-bottom:0px;\"><\/div>\n<\/div>\n<div class=\"associated-posts title-full-content\"><\/div>\n","protected":false},"excerpt":{"rendered":"<p>Besonderer La-Palma-Reisef\u00fchrer Gerade ist der von der auf La Palma lebenden Ines Dietrich geschriebene und vom Konkursbuch-Verlag Claudia Gehrke verlegte Reisef\u00fchrer Geheimnisse der Insel La Palma &#8211; Ein Reisef\u00fchrer durch 12 Monate herausgekommen. Das 384 Seiten starke Buch ist reich &hellip; <a href=\"https:\/\/www.disfrutalapalma.com\/de\/2014\/09\/kurzmeldungen-oktober-2014\/\">Weiterlesen <span class=\"meta-nav\">&rarr;<\/span><\/a><\/p>\n","protected":false},"author":3004,"featured_media":13116,"comment_status":"closed","ping_status":"closed","sticky":false,"template":"","format":"standard","meta":{"_acf_changed":false,"footnotes":""},"categories":[16],"tags":[],"class_list":["post-12357","post","type-post","status-publish","format-standard","has-post-thumbnail","hentry","category-cat_archiv"],"acf":[],"_links":{"self":[{"href":"https:\/\/www.disfrutalapalma.com\/de\/wp-json\/wp\/v2\/posts\/12357","targetHints":{"allow":["GET"]}}],"collection":[{"href":"https:\/\/www.disfrutalapalma.com\/de\/wp-json\/wp\/v2\/posts"}],"about":[{"href":"https:\/\/www.disfrutalapalma.com\/de\/wp-json\/wp\/v2\/types\/post"}],"author":[{"embeddable":true,"href":"https:\/\/www.disfrutalapalma.com\/de\/wp-json\/wp\/v2\/users\/3004"}],"replies":[{"embeddable":true,"href":"https:\/\/www.disfrutalapalma.com\/de\/wp-json\/wp\/v2\/comments?post=12357"}],"version-history":[{"count":9,"href":"https:\/\/www.disfrutalapalma.com\/de\/wp-json\/wp\/v2\/posts\/12357\/revisions"}],"predecessor-version":[{"id":14443,"href":"https:\/\/www.disfrutalapalma.com\/de\/wp-json\/wp\/v2\/posts\/12357\/revisions\/14443"}],"wp:featuredmedia":[{"embeddable":true,"href":"https:\/\/www.disfrutalapalma.com\/de\/wp-json\/wp\/v2\/media\/13116"}],"wp:attachment":[{"href":"https:\/\/www.disfrutalapalma.com\/de\/wp-json\/wp\/v2\/media?parent=12357"}],"wp:term":[{"taxonomy":"category","embeddable":true,"href":"https:\/\/www.disfrutalapalma.com\/de\/wp-json\/wp\/v2\/categories?post=12357"},{"taxonomy":"post_tag","embeddable":true,"href":"https:\/\/www.disfrutalapalma.com\/de\/wp-json\/wp\/v2\/tags?post=12357"}],"curies":[{"name":"wp","href":"https:\/\/api.w.org\/{rel}","templated":true}]}}