{"id":10995,"date":"2014-03-31T18:01:26","date_gmt":"2014-03-31T17:01:26","guid":{"rendered":"http:\/\/www.disfrutalapalma.com\/?p=10995"},"modified":"2014-12-30T15:37:40","modified_gmt":"2014-12-30T14:37:40","slug":"titel-reportage-los-llanos-de-aridane","status":"publish","type":"post","link":"https:\/\/www.disfrutalapalma.com\/de\/2014\/03\/titel-reportage-los-llanos-de-aridane\/","title":{"rendered":"Titel-Reportage: Los Llanos de Aridane"},"content":{"rendered":"<div style=\"font-family: 'Open Sans Condensed', sans-serif;font-size:16px;line-height:19px;\">\n<div style=\"background-color:#BA0202;padding-top:70px;padding-bottom:40px;\">\n<div style=\"text-align:center;font-weight:700;text-transform:uppercase;font-size:18px;color:#000;margin-bottom:10px;\">Fotos Texte: Uwe S. Meschede<\/div>\n<div>\n<div style=\"height:76px;width:78px;background-color:#00B3FF;margin-right:4px;float:left;\"><\/div>\n<div style=\"height:76px;width:76px;background-color:#FF0073;margin-right:4px;float:left;\"><\/div>\n<div style=\"height:76px;width:76px;background-color:#FFFC00;margin-right:4px;float:left;\"><\/div>\n<div style=\"height:76px;width:76px;background-color:#00A31B;margin-right:4px;float:left;\"><\/div>\n<div style=\"height:76px;width:76px;background-color:#060180;margin-right:4px;float:left;\"><\/div>\n<div style=\"height:76px;width:76px;background-color:#FF9100;margin-right:4px;float:left;\"><\/div>\n<div style=\"height:76px;width:76px;background-color:#9902B7;margin-right:4px;float:left;\"><\/div>\n<div style=\"height:76px;width:78px;background-color:#7AE1B6;margin-right:0px;float:left;\"><\/div>\n<div style=\"clear:both;\"><\/div>\n<div style=\"margin-top:50px;text-align:center;font-weight:300;font-size:40px;color:#FF9100;\">So bunt ist<\/div>\n<div style=\"text-transform:uppercase;margin-top:50px;text-align:center;font-weight:700;font-size:110px;line-height:85px;color:#FFFFFF;\">Los Llanos<br \/>de Aridane<\/div>\n<div style=\"margin-bottom:50px;margin-top:50px;text-align:center;font-weight:300;font-size:40px;color:#FF9100;\">Essen, Trinken, Shopping &#038; mehr &#8230;<\/div>\n<div><img loading=\"lazy\" decoding=\"async\" src=\"http:\/\/www.disfrutalapalma.com\/wp-content\/uploads\/LL1.png\" alt=\"\" title=\"LL1\" width=\"640\" height=\"76\" class=\"alignnone size-full wp-image-10875\" srcset=\"https:\/\/www.disfrutalapalma.com\/wp-content\/uploads\/LL1.png 640w, https:\/\/www.disfrutalapalma.com\/wp-content\/uploads\/LL1-300x35.png 300w, https:\/\/www.disfrutalapalma.com\/wp-content\/uploads\/LL1-100x11.png 100w\" sizes=\"auto, (max-width: 640px) 100vw, 640px\" \/><\/div>\n<div style=\"text-align:center;margin-top:30px;\"><!--more--><\/div>\n<\/div>\n<\/div>\n<p><!-- Anfang El Rinconcito --><\/p>\n<div style=\"margin-top:30px;padding:0px;\">\n<div style=\"background-color:#BA0202;text-align:center;font-weight:300;color:#FFF;font-size:22px;line-height:22px;padding-top:7px;padding-bottom:9px;\">Restaurant Arepera <span style=\"font-weight:700;\">El Rinconcito<\/span> (La Laguna)<\/div>\n<div style=\"margin-top:15px;font-family: 'Oranienbaum', serif;font-size:28px;line-height:28px;text-align:left;color:#000;\">Mitten auf La Palma: lateinamerikanisches Lebensgef\u00fchl und die geniale K\u00fcche Venezuelas &#038; Mexikos<\/div>\n<div style=\"margin-top:10px;width:640px;height:400px;\">[vslider name=&#8220;Rinconcito2141&#8243;]<\/div>\n<div style=\"margin-top:15px;margin-bottom:0px;\">\n<p style=\"margin-bottom:0px;margin-top:0px;\"><span style=\"font-size:300%;fontweight:700;\">B<\/span>ereits in unserer letzten Ausgabe haben wir ausf\u00fchrlich  \u00fcber dieses sympathische Restaurant berichtet, das sich etwas versteckt an der Carretera Puerto Naos, auf der rechten Seite kurz vor La Laguna, befindet. Aufgrund der vielen positiven R\u00fcckmeldungen und lobenden Worte seitens unserer Leser haben wir uns entschieden, Ihnen das <i>El Rinconcito<\/i> ein weiteres Mal im Rahmen dieses Los-Llanos-Specials ans Herz zu legen. <\/p>\n<div style=\"height:200px;width:200px;float:right;margin-left:10px;\">[vslider name=&#8220;Rinconcito2142&#8243;]<\/div>\n<p>Das <i>El Rinconcito<\/i> bietet in drei unterschiedlichen Gastr\u00e4umen sowie auf der kleinen Terrasse gen\u00fcgend Platz, um einen gem\u00fctlichen Abend bei leckerem Essen zu verbringen &#8211; auch als Gruppe. Wie die Bezeichnung Arepera bereits vermuten l\u00e4sst, offeriert das sich seit 1986 in Familienbesitz befindliche Restaurant Arepas und Cachapas, also diese leckeren venezolanischen Maisfladen, die mit allen m\u00f6glichen &#8211; auch vegetarischen &#8211; Ingredienzien gef\u00fcllt sein k\u00f6nnen: verschiedene K\u00e4sesorten, Preiselbeeren, Schinken, unterschiedliche Fleischsorten, Ei, diverse Gem\u00fcse etc.<br \/>\nNeben diesen und weiteren venezolanischen Spezialit\u00e4ten bietet das <i>El Rinconcito<\/i> zudem eine Reihe mexikanischer Leckerbissen, die dem Kenner ebenfalls das Wasser im Mund zusammenlaufen lassen: Burritos, Tacos mit unterschiedlichsten F\u00fcllungen, fritierte Yucca mit Guacamole und vieles mehr. Zu all\u2019 diesen typisch lateinamerikanischen Gaumenfreuden kommen im <i>El Rinconcito<\/i> &#8211; last but not least &#8211; noch verschiedenste hiesige Gerichte und Tapas sowie eine Riesenauswahl an Salaten und fantastischen Nachspeisen. Sprich: Hier kommt jeder auf seine Kosten, hier findet jeder etwas nach seinem Geschmack.<\/p>\n<\/div>\n<\/div>\n<p><a href=\"https:\/\/www.disfrutalapalma.com\/guia\/restaurante-arepera-el-rinconcito\/\" target=\"_blank\"><\/p>\n<div class=\"lageplan\" style=\"height:22px; width:200px; background-color:#c96802;color:#FFF;text-align:center;font-weight:bold;padding:5px;margin-bottom:0px;margin-top:10px;margin-left:220px;\">Karte &#038; weitere Infos<\/div>\n<p><\/a><!-- Ende El Rinconcito --><br \/>\n<!-- Anfang La Mariposa --><\/p>\n<div style=\"margin-top:0px;\">\n<div style=\"background-color:#BA0202;text-align:center;font-weight:300;color:#FFF;font-size:22px;line-height:22px;padding-top:7px;padding-bottom:9px;\">Restaurant <span style=\"font-weight:700;\">La Mariposa<\/span> (Las Norias)<\/div>\n<div style=\"margin-top:15px;font-family: 'Oranienbaum', serif;font-size:28px;line-height:28px;text-align:left;color:#000;\">Gehobene K\u00fcche in gepflegtem Ambiente<\/div>\n<div style=\"margin-top:10px;width:640px;height:400px;\"><img loading=\"lazy\" decoding=\"async\" src=\"http:\/\/www.disfrutalapalma.com\/wp-content\/uploads\/mariposa2-14-1.jpg\" alt=\"\" title=\"mariposa2-14-1\" width=\"640\" height=\"400\" class=\"alignnone size-full wp-image-10912\" \/><\/div>\n<div style=\"height:200px;width:200px;float:right;margin-left:10px;margin-top:31px;\"><img loading=\"lazy\" decoding=\"async\" src=\"http:\/\/www.disfrutalapalma.com\/wp-content\/uploads\/mariposa2-14-2.jpg\" alt=\"\" title=\"mariposa2-14-2\" width=\"200\" height=\"200\" class=\"alignnone size-full wp-image-10913\" \/><\/div>\n<div style=\"margin-top:15px;\">\n<p style=\"margin-bottom:0px;margin-top:0px;\"><span style=\"font-size:300%;fontweight:700;\">D<\/span>as Restaurant <i>La Mariposa<\/i> an der Hauptstra\u00dfe zwischen Todoque und Puerto Naos (in H\u00f6he Las Norias) geh\u00f6rt zweifelsohne zu den guten Adressen im Aridanetal und hat in den vergangenen Jahren eine gro\u00dfe Anh\u00e4ngerschaft gefunden. Kein Wunder: Sowohl die K\u00fcche als auch der Service befinden sich auf gehobenem Niveau und \u00fcbertreffen sich immer wieder selbst.<br \/>\nIn den aparten Gastr\u00e4umen sitzt man \u00fcberaus gem\u00fctlich und l\u00e4sst sich gern verw\u00f6hnen. Romantikern bietet die sch\u00f6ne Terrasse au\u00dferdem einen weiten Blick \u00fcber die Bananenplantagen auf Los Llanos.<br \/>\nDie K\u00fcche offeriert neben einer Reihe leckerer typisch palmerischer Speisen auch hervorragende internationale und verschiedene vegetarische Gerichte. Unsere Empfehlung: Das aus sechs G\u00e4ngen bestehende Probiermen\u00fc, das keine W\u00fcnsche offen l\u00e4sst!<\/p>\n<\/div>\n<\/div>\n<p><a href=\"https:\/\/www.disfrutalapalma.com\/guia\/restaurante-la-mariposa\/\" target=\"_blank\"><\/p>\n<div class=\"lageplan\" style=\"height:22px; width:200px; background-color:#c96802;color:#FFF;text-align:center;font-weight:bold;padding:5px;margin-bottom:0px;margin-top:10px;margin-left:220px;\">Karte &#038; weitere Infos<\/div>\n<p><\/a><!-- Ende La Mariposa --><br \/>\n<!-- Anfang Laly --><\/p>\n<div style=\"margin-top:0px;\">\n<div style=\"background-color:#BA0202;text-align:center;font-weight:300;color:#FFF;font-size:22px;line-height:22px;padding-top:7px;padding-bottom:9px;\">Bar-Cafeter\u00eda <span style=\"font-weight:700;\">El Bucanero &#8211; Laly\u2019s Bar<\/span> (Puerto Naos)<\/div>\n<div style=\"margin-top:15px;font-family: 'Oranienbaum', serif;font-size:28px;line-height:28px;text-align:left;color:#000;\">Unter Palmen: Kaffee, Kuchen, Cocktails &#038; mehr<\/div>\n<div style=\"margin-top:10px;width:640px;height:400px;\"><img loading=\"lazy\" decoding=\"async\" src=\"http:\/\/www.disfrutalapalma.com\/wp-content\/uploads\/Laly2-14-1.jpg\" alt=\"\" title=\"Laly2-14-1\" width=\"640\" height=\"400\" class=\"alignnone size-full wp-image-10914\" \/><\/div>\n<div style=\"height:200px;width:200px;float:right;margin-left:10px;margin-top:31px;\"><img loading=\"lazy\" decoding=\"async\" src=\"http:\/\/www.disfrutalapalma.com\/wp-content\/uploads\/Laly2-14-2.jpg\" alt=\"\" title=\"Laly2-14-2\" width=\"200\" height=\"200\" class=\"alignnone size-full wp-image-10915\" \/><\/div>\n<div style=\"margin-top:15px;\">\n<p style=\"margin-bottom:0px;margin-top:0px;\"><span style=\"font-size:300%;fontweight:700;\">K<\/span>eine Frage: die Bar-Cafeter\u00eda <i>El Bucanero &#8211; Laly\u2019s Bar<\/i>, direkt am Anfang der Promenade, ist ein Muss f\u00fcr jeden Puerto-Naos-Besucher. Von der sch\u00f6nen Terrasse mit ihren bequemen Korbm\u00f6beln hat man einen fantastischen Blick auf den blauen Atlantik &#8211; Karibik-Feeling garantiert!<br \/>\nBereits ab 10.00 Uhr l\u00e4sst sich hier toll fr\u00fchst\u00fccken. Mittags bietet die quirlige Wirtin, die immer gut gelaunt ist, \u00f6fter wechselnde und sehr leckere Snacks. Nachmittags gibts dann Leckeres in Form verschiedener Kaffees und diverser hausgemachter Torten. K\u00f6stlich! Und wer danach nichts mehr vor hat, sollte auch gleich bleiben: um den genialen Sonnenuntergang zu genie\u00dfen, den einen oder anderen Cocktail bzw. Sundowner aus Lalys fabelhafter Bar zu schl\u00fcrfen und den Tag bei Livemusik gem\u00e4chlich ausklingen zu lassen.<\/p>\n<\/div>\n<\/div>\n<p><a href=\"https:\/\/www.disfrutalapalma.com\/guia\/bar-cafeter%c3%ada-el-bucanero-laly%e2%80%99s-bar\/\" target=\"_blank\"><\/p>\n<div class=\"lageplan\" style=\"height:22px; width:200px; background-color:#c96802;color:#FFF;text-align:center;font-weight:bold;padding:5px;margin-bottom:0px;margin-top:10px;margin-left:220px;\">Karte &#038; weitere Infos<\/div>\n<p><\/a><!-- Ende Laly --><br \/>\n<!-- Anfang Tasca La Fuente --><\/p>\n<div style=\"margin-top:0px;\">\n<div style=\"background-color:#BA0202;text-align:center;font-weight:300;color:#FFF;font-size:22px;line-height:22px;padding-top:7px;padding-bottom:9px;\">Restaurant <span style=\"font-weight:700;\">Tasca La Fuente<\/span> (Zentrum Los Llanos)<\/div>\n<div style=\"margin-top:15px;font-family: 'Oranienbaum', serif;font-size:28px;line-height:28px;text-align:left;color:#000;\">Urgem\u00fctlich und sehr lecker mit Altstadt-Flair<\/div>\n<div style=\"margin-top:10px;width:640px;height:400px;\"><img loading=\"lazy\" decoding=\"async\" src=\"http:\/\/www.disfrutalapalma.com\/wp-content\/uploads\/Tasca_La_Fuente2-14-1.jpg\" alt=\"\" title=\"Tasca_La_Fuente2-14-1\" width=\"640\" height=\"400\" class=\"alignnone size-full wp-image-10917\" \/><\/div>\n<div style=\"height:200px;width:200px;float:right;margin-left:10px;margin-top:31px;\"><img loading=\"lazy\" decoding=\"async\" src=\"http:\/\/www.disfrutalapalma.com\/wp-content\/uploads\/Tasca_La_Fuente2-14-2.jpg\" alt=\"\" title=\"Tasca_La_Fuente2-14-2\" width=\"200\" height=\"200\" class=\"alignnone size-full wp-image-10918\" \/><\/div>\n<div style=\"margin-top:15px;\">\n<p style=\"margin-bottom:0px;margin-top:0px;\"><span style=\"font-size:300%;fontweight:700;\">A<\/span>m Ende der Calle Real, also der Haupteinkaufsstra\u00dfe in der Fu\u00dfg\u00e4ngerzone, findet sich ein Kleinod der hiesigen Gastronomie: die <i>Tasca La Fuente<\/i>. Von der Terrasse, die sich direkt neben dem pl\u00e4tschernden Stadtbrunnen befindet, l\u00e4sst sich vorz\u00fcglich dem abendlichen Treiben im Fu\u00dfg\u00e4ngerbereich zusehen und in entspannter Atmosph\u00e4re dem Ausgang des Tages entgegensehen. Au\u00dferdem: Die beiden Gastr\u00e4ume in dem historischen Stadthaus sind so gem\u00fctlich, dass man hier auch nach dem Essen gerne l\u00e4nger verweilt. Die Karte schlie\u00dflich offeriert allerhand Leckereien, allesamt hergestellt aus frischen Zutaten der Region, die z.T. aus biologischem Anbau bzw. von der Biofinca stammen: tolle Salate, leckere Tapas &#038; Vorspeisen, k\u00f6stliche Hauptgerichte und fantastische Desserts. W\u00e4rmstens empfehlen k\u00f6nnen wir au\u00dferdem den hausgemachten Lik\u00f6r!<\/p>\n<\/div>\n<\/div>\n<p><a href=\"\/?p=4705\" target=\"_blank\"><\/p>\n<div class=\"lageplan\" style=\"height:22px; width:200px; background-color:#c96802;color:#FFF;text-align:center;font-weight:bold;padding:5px;margin-bottom:0px;margin-top:10px;margin-left:220px;\">Karte &#038; weitere Infos<\/div>\n<p><\/a><!-- Ende Tasca La Fuente --><br \/>\n<!-- Anfang Nueva Vida --><\/p>\n<div style=\"margin-top:0px;\">\n<div style=\"background-color:#BA0202;text-align:center;font-weight:300;color:#FFF;font-size:22px;line-height:22px;padding-top:7px;padding-bottom:9px;\">Naturmode <span style=\"font-weight:700;\">Nueva Vida<\/span> (Zentrum Los Llanos)<\/div>\n<div style=\"margin-top:15px;font-family: 'Oranienbaum', serif;font-size:28px;line-height:28px;text-align:left;color:#000;\">Hier wird Shopping zum Fest der Sinne<\/div>\n<div style=\"margin-top:10px;width:640px;height:400px;\"><img loading=\"lazy\" decoding=\"async\" src=\"http:\/\/www.disfrutalapalma.com\/wp-content\/uploads\/Nueva_Vida2-14-1.jpg\" alt=\"\" title=\"Nueva_Vida2-14-1\" width=\"640\" height=\"400\" class=\"alignnone size-full wp-image-10919\" \/><\/div>\n<div style=\"height:200px;width:200px;float:right;margin-left:10px;margin-top:31px;\"><img loading=\"lazy\" decoding=\"async\" src=\"http:\/\/www.disfrutalapalma.com\/wp-content\/uploads\/Nueva_Vida2-14-2.jpg\" alt=\"\" title=\"Nueva_Vida2-14-2\" width=\"200\" height=\"200\" class=\"alignnone size-full wp-image-10920\" \/><\/div>\n<div style=\"margin-top:15px;\">\n<p style=\"margin-bottom:0px;margin-top:0px;\"><span style=\"font-size:300%;fontweight:700;\">B<\/span>egibt man sich etwas oberhalb der Plaza de Espa\u00f1a, dort wo an der Ecke die sympathische bunte Pappmach\u00e9-Figur steht, in die kleine Gasse mit Namen Calvo Sotelo, befindet sich das einzigartige Gesch\u00e4ft <i>Nueva Vida<\/i> unverfehlbar gleich auf der rechten Seite. Schon beim Blick von Au\u00dfen in das Innere des wundersch\u00f6nen altkanarischen Hauses wird klar: Hier ist jemand mit viel Gef\u00fchl f\u00fcr Farbe und Styling am Werk, hier wird das St\u00f6bern nach modischer Kleidung aus nat\u00fcrlichen Materialien sowie nach schicken Accessoires zu einem Fest der Sinne &#8211; sowohl f\u00fcr sie als auch f\u00fcr ihn. Au\u00dferdem interessant: die \u00e4u\u00dferst kompetente und individuelle Farb- und Typberatung, die sicherstellt, dass Charakter und Farbe der Kleidung das Optimum aus dem eigenen Typ herausholt. &#8211; Wir meinen: <i>Nueva Vida<\/i> macht richtig Lust auf Shoppen!<\/p>\n<\/div>\n<\/div>\n<p><!-- Ende Nueva Vida --><br \/>\n<!-- Anfang Opticalia --><\/p>\n<div style=\"margin-top:0px;\">\n<div style=\"background-color:#BA0202;text-align:center;font-weight:300;color:#FFF;font-size:22px;line-height:22px;padding-top:7px;padding-bottom:9px;\">Optiker <span style=\"font-weight:700;\">Opticalia La Plaza<\/span> (Zentrum Los Llanos)<\/div>\n<div style=\"margin-top:15px;font-family: 'Oranienbaum', serif;font-size:28px;line-height:28px;text-align:left;color:#000;\">Kompetente Beratung &#038; Marken zu fairen Preisen<\/div>\n<div style=\"margin-top:10px;width:640px;height:400px;\"><img loading=\"lazy\" decoding=\"async\" src=\"http:\/\/www.disfrutalapalma.com\/wp-content\/uploads\/Opticalia2-14-1.jpg\" alt=\"\" title=\"Opticalia2-14-1\" width=\"640\" height=\"400\" class=\"alignnone size-full wp-image-10921\" \/><\/div>\n<div style=\"height:200px;width:200px;float:right;margin-left:10px;margin-top:31px;\"><img loading=\"lazy\" decoding=\"async\" src=\"http:\/\/www.disfrutalapalma.com\/wp-content\/uploads\/Opticalia2-14-2.jpg\" alt=\"\" title=\"Opticalia2-14-2\" width=\"200\" height=\"200\" class=\"alignnone size-full wp-image-10922\" \/><\/div>\n<div style=\"margin-top:15px;\">\n<p style=\"margin-bottom:0px;margin-top:0px;\"><span style=\"font-size:300%;fontweight:700;\">I<\/span>n der Avenida Venezuela 11, also der Stra\u00dfe, die direkt zum Plaza de Espa\u00f1a f\u00fchrt (nicht zu verwechseln mit der parallel verlaufenden Fu\u00dfg\u00e4ngerstra\u00dfe Diez Pimienta), befindet sich das attraktive Gesch\u00e4ft von <i>Opticalia La Plaza<\/i>, seines Zeichens einer der f\u00fchrenden und innovativsten Optiker und Sonnenbrillen-Dealer Spaniens. Hier finden sich nicht nur die neuesten Modelle und Kreationen bekannter Markennamen wie <i>Mango, Custo Barcelona, Amichi, Javier Larr\u00e1inzar, Pepe Jeans, Davidelf\u00edn, El Caballo, Pull and Bear<\/i> und vielen mehr, sondern auch ein hervorragend geschultes Team von Fachleuten und Optikern mit umfangreichen Erfahrungen.<br \/>\nWir meinen: Wer eine wirklich kompetente Analyse seiner Augen, eine sehr nette Beratung sowie Markenmodelle zu guten Preisen sucht, kommt an dem schicken Gesch\u00e4ft von <i>Opticalia La Plaza<\/i> auf keinen Fall vorbei.<\/p>\n<\/div>\n<\/div>\n<p><!-- Ende Opticalia --><br \/>\n<!-- Anfang Sunglass Island --><\/p>\n<div style=\"margin-top:0px;\">\n<div style=\"background-color:#BA0202;text-align:center;font-weight:300;color:#FFF;font-size:22px;line-height:22px;padding-top:7px;padding-bottom:9px;\"><span style=\"font-weight:700;\">Sunglass Island<\/span> (Zentrum Los Llanos)<\/div>\n<div style=\"margin-top:15px;font-family: 'Oranienbaum', serif;font-size:28px;line-height:28px;text-align:left;color:#000;\">Exklusive Boutique f\u00fcr Designer-Sonnenbrillen<\/div>\n<div style=\"margin-top:10px;width:640px;height:400px;\"><img loading=\"lazy\" decoding=\"async\" src=\"http:\/\/www.disfrutalapalma.com\/wp-content\/uploads\/SunglassIsland2-14-1.jpg\" alt=\"\" title=\"SunglassIsland2-14-1\" width=\"640\" height=\"400\" class=\"alignnone size-full wp-image-10923\" \/><\/div>\n<div style=\"height:200px;width:200px;float:right;background-color:#CCC;margin-left:10px;margin-top:31px;\"><img loading=\"lazy\" decoding=\"async\" src=\"http:\/\/www.disfrutalapalma.com\/wp-content\/uploads\/SunglassIsland2-14-2.jpg\" alt=\"\" title=\"SunglassIsland2-14-2\" width=\"200\" height=\"200\" class=\"alignnone size-full wp-image-10924\" \/><\/div>\n<div style=\"margin-top:15px;\">\n<p style=\"margin-bottom:0px;margin-top:0px;\"><span style=\"font-size:300%;fontweight:700;\">W<\/span>er richtig gutes Design will und Alternativen zu traditionellen Marken sucht, ist im <i>Sunglass Island<\/i> auf der Avenida Carlos Francisco Lorenzo Navarro Nr. 42 b (die mehrspurige Hauptstra\u00dfe, die durch Los Llanos f\u00fchrt) genau richtig. Selten haben wir so viel geniale Brillenmodelle auf einmal gesehen! Hier findet man wirklich einzigartige und ungew\u00f6hnliche Kollektionen &#8211; alle von renommierten Designern, z.B. <i>Cutler and Gross of London, DITA, Thierry Lasry, RETROSUPERFUTURE, Oliver Peoples, Paul Smith, Stella McCartney, Thom Browne, Waiting for the sun, Karen Walker, Italia Independent, Essequadro, Profile<\/i> etc. Doch nicht der Name z\u00e4hlt hier, sondern nur Design, Komfort und Innovativit\u00e4t. Ein geniales Konzept! Und das lohnt den Besuch von <i>Sunglass Island<\/i> unbedingt!<\/p>\n<\/div>\n<\/div>\n<p><!-- Ende Sunglass Island --><br \/>\n<!-- Anfang FRIDA --><\/p>\n<div style=\"margin-top:30px;padding:0px;\">\n<div style=\"background-color:#BA0202;text-align:center;font-weight:300;color:#FFF;font-size:22px;line-height:22px;padding-top:7px;padding-bottom:9px;\">Eisdiele &#8211; Konditorei <span style=\"font-weight:700;\">FRIDA<\/span> (Zentrum Los Llanos)<\/div>\n<div style=\"margin-top:15px;font-family: 'Oranienbaum', serif;font-size:28px;line-height:28px;text-align:left;color:#000;\">Hier stimmt einfach alles: geniales Eis, fantastische Kuchen und unglaublich gem\u00fctlich!<\/div>\n<div style=\"margin-top:10px;width:640px;height:400px;\">[vslider name=&#8220;Frida2141&#8243;]<\/div>\n<div style=\"margin-top:15px;margin-bottom:0px;\">\n<p style=\"margin-bottom:0px;margin-top:0px;\"><span style=\"font-size:300%;fontweight:700;\">E<\/span>in wenig l\u00e4nger hats gedauert, bis die neue Eisdiele und Konditorei <i>FRIDA<\/i> in der Calle Calvo Sotelo, rund 150 Meter von der Plaza de Espa\u00f1a entfernt (ca. 50 Meter oberhalb des Caf\u00e9 Rami), er\u00f6ffnen konnte. Am 28. Februar war es dann aber soweit &#8211; und das Warten hat sich gelohnt: Die beiden kreativen Eismacher &#038; Konditoren Thomas und Rainer haben wirklich alles gegeben, um das alte Stadthaus zu einem echten Kleinod zu machen. Zu einem Ort, an dem man gem\u00fctlich sitzen, sich die Zeit vertreiben und das Leben durch und durch genie\u00dfen kann.<\/p>\n<div style=\"height:200px;width:200px;float:right;margin-left:10px;\">[vslider name=&#8220;Frida2142&#8243;]<\/div>\n<p>Sowohl vor der Eisdiele als auch auf der sonnigen Dachterrasse laden super-gem\u00fctliche Lounge-M\u00f6bel dazu ein, ein T\u00e4sschen guten Tee oder aromatischen Kaffee l\u00e4nger zu bleiben, als man eigentlich vorhatte, und in der wundersch\u00f6n gestalteten FRIDA-Lounge mit ihren bequemen Clubsesseln, der aktuellen Tageszeitung und einem \u00fcberlebensgro\u00dfen Portrait der K\u00fcnstlerin und Namensgeberin Frida Kahlo l\u00e4sst man sich gern zu einem reichhaltigen FRIDA-Fr\u00fchst\u00fcck, einem vortrefflichen St\u00fcckchen Kuchen oder ein paar Kugeln exquisitem Eis hinrei\u00dfen. &#8211; Apropos: <i>FRIDA<\/i> offeriert neben Klassikern wie Schoko oder Vanille auch eine Reihe recht kreativer Eissorten, die man unbedingt probieren sollte (auch wenn Sie es nicht glauben wollen: Wir empfehlen w\u00e4rmstens das Gurkeneis &#8211; genial!). Au\u00dferdem toll: Alle Eissorten werden aus besten Zutaten und ohne k\u00fcnstliche Aromen, k\u00fcnstliche Farbstoffe oder Konservierungsmittel hergestellt &#8230; &#8211; was sich \u00fcbrigens auch auf die selbstgemachten, sehr verf\u00fchrerischen Kuchen und Torten bezieht.<br \/>\nKeine Frage: <i>FRIDA<\/i> ist nicht nur Eisdiele und Konditorei, sondern eine Versuchung, der man nicht widerstehen kann!<\/p>\n<\/div>\n<\/div>\n<p><a href=\"https:\/\/www.disfrutalapalma.com\/guia\/frida-helader%c3%ada-y-pasteler%c3%ada\/\" target=\"_blank\"><\/p>\n<div class=\"lageplan\" style=\"height:22px; width:200px; background-color:#c96802;color:#FFF;text-align:center;font-weight:bold;padding:5px;margin-bottom:0px;margin-top:10px;margin-left:220px;\">Karte &#038; weitere Infos<\/div>\n<p><\/a><!-- Ende FRIDA --><br \/>\n<!-- Anfang El Parque --><\/p>\n<div style=\"margin-top:0px;\">\n<div style=\"background-color:#BA0202;text-align:center;font-weight:300;color:#FFF;font-size:22px;line-height:22px;padding-top:7px;padding-bottom:9px;\">Bar <span style=\"font-weight:700;\">El Parque<\/span> (Zentrum Los Llanos)<\/div>\n<div style=\"margin-top:15px;font-family: 'Oranienbaum', serif;font-size:28px;line-height:28px;text-align:left;color:#000;\">Essen und Trinken mit dem gewissem Etwas<\/div>\n<div style=\"margin-top:10px;width:640px;height:400px;\"><img loading=\"lazy\" decoding=\"async\" src=\"http:\/\/www.disfrutalapalma.com\/wp-content\/uploads\/ElParque2-14-1.jpg\" alt=\"\" title=\"ElParque2-14-1\" width=\"640\" height=\"400\" class=\"alignnone size-full wp-image-10926\" \/><\/div>\n<div style=\"height:200px;width:200px;float:right;margin-left:10px;margin-top:31px;\"><img loading=\"lazy\" decoding=\"async\" src=\"http:\/\/www.disfrutalapalma.com\/wp-content\/uploads\/ElParque2-14-2.jpg\" alt=\"\" title=\"ElParque2-14-2\" width=\"200\" height=\"200\" class=\"alignnone size-full wp-image-10927\" \/><\/div>\n<div style=\"margin-top:15px;\">\n<p style=\"margin-bottom:0px;margin-top:0px;\"><span style=\"font-size:300%;fontweight:700;\">B<\/span>ereits seit vergangenen Herbst gibt es in der Avda. Carlos Francisco Lorenzo Navarro (die mehrspurige Hauptstra\u00dfe, die durch Los Llanos f\u00fchrt), etwas unterhalb vom Caf\u00e9 Paris, die gem\u00fctliche Bar <i>El Parque<\/i>, die ihren Kunden ein etwas anderes Gastronomieerlebnis offeriert.<br \/>\nMit viel Herz haben die erfahrenen Betreiber ihre Bar gestylt und eine willkommene Abwechslung zur palmerischen Einheitsbar geschaffen. Der Ausschank\/die Bar  bietet neben dem klassischen Bar-Angebot eine Reihe ausgefallener, sehr gut gemachter Cocktails sowie eine riesige Auswahl an verschiedenen Gin- und Tonicsorten, dessen Zubereitung sehr sch\u00f6n zelebriert wird. Die K\u00fcche offeriert schlie\u00dflich einige kleinere Gerichte (Donnerstags ist au\u00dferdem \u201eSushi-Tag\u201c), die allesamt &#8211; sowohl optisch als auch geschmacklich &#8211; vom Feinsten und sehr zu empfehlen sind.<\/p>\n<\/div>\n<\/div>\n<p><a href=\"\/?p=10907\" target=\"_blank\"><\/p>\n<div class=\"lageplan\" style=\"height:22px; width:200px; background-color:#c96802;color:#FFF;text-align:center;font-weight:bold;padding:5px;margin-bottom:0px;margin-top:10px;margin-left:220px;\">Karte &#038; weitere Infos<\/div>\n<p><\/a><!-- Ende El Parque --><br \/>\n<!-- Anfang Mar y Tierra --><\/p>\n<div style=\"margin-top:0px;\">\n<div style=\"background-color:#BA0202;text-align:center;font-weight:300;color:#FFF;font-size:22px;line-height:22px;padding-top:7px;padding-bottom:9px;\">Grill \/ Restaurant <span style=\"font-weight:700;\">Mar y Tierra<\/span> (Zentrum Los Llanos)<\/div>\n<div style=\"margin-top:15px;font-family: 'Oranienbaum', serif;font-size:28px;line-height:28px;text-align:left;color:#000;\">Tolles Ambiente &#038; Fleisch, Fisch und mehr &#8230;<\/div>\n<div style=\"margin-top:10px;width:640px;height:400px;\"><img loading=\"lazy\" decoding=\"async\" src=\"http:\/\/www.disfrutalapalma.com\/wp-content\/uploads\/MarYTierra2-14-1.jpg\" alt=\"\" title=\"MarYTierra2-14-1\" width=\"640\" height=\"400\" class=\"alignnone size-full wp-image-10928\" \/><\/div>\n<div style=\"height:200px;width:200px;float:right;margin-left:10px;margin-top:31px;\"><img loading=\"lazy\" decoding=\"async\" src=\"http:\/\/www.disfrutalapalma.com\/wp-content\/uploads\/MarYTierra2-14-2.jpg\" alt=\"\" title=\"MarYTierra2-14-2\" width=\"200\" height=\"200\" class=\"alignnone size-full wp-image-10929\" \/><\/div>\n<div style=\"margin-top:15px;\">\n<p style=\"margin-bottom:0px;margin-top:0px;\"><span style=\"font-size:300%;fontweight:700;\">D<\/span>as sch\u00f6ne Restaurant inmitten der Altstadt ist sowohl bei Einheimischen als auch bei Inselbesuchern sehr beliebt und bekannt f\u00fcr sein authentisches Ambiente, den h\u00fcbschen Patio und seine leckeren Gerichte vom Holzkohlegrill.<br \/>\nWie der Name <i>Mar y Tierra<\/i> &#8211; Meer und Land &#8211; schon sagt, offeriert das traditionelle Lokal sowohl Fisch- als auch Fleischgerichte vom Grill: von der reichhaltigen Fischplatte mit Gambas, Calamares und verschiedenen Fischsorten \u00fcber den gemischten Grillteller mit Wurst, Rippchen, Kotelett und anderen Fleischsorten bis zum halben H\u00e4hnchen. Dar\u00fcber hinaus bietet das <i>Mar y Tierra<\/i> eine gro\u00dfe Auswahl an typisch palmerischen Speisen, vom gebackenen Ziegenk\u00e4se \u00fcber Kaninchen in So\u00dfe bis zu Rippchen mit Kartoffeln, Mais &#038; gr\u00fcner Mojo-So\u00dfe. &#8211; Ergo: Hier isst man authentisch, gem\u00fctlich und wirklich gut!<\/p>\n<\/div>\n<p><a href=\"\/?p=7195\" target=\"_blank\"><\/p>\n<div class=\"lageplan\" style=\"height:22px; width:200px; background-color:#c96802;color:#FFF;text-align:center;font-weight:bold;padding:5px;margin-bottom:0px;margin-top:10px;margin-left:220px;\">Karte &#038; weitere Infos<\/div>\n<p><\/a><!-- Ende Mar y Tierra --><br \/>\n<!-- Anfang Dise\u00f1o --><\/p>\n<div style=\"margin-top:0px;\">\n<div style=\"background-color:#BA0202;text-align:center;font-weight:300;color:#FFF;font-size:22px;line-height:22px;padding-top:7px;padding-bottom:9px;\">Mode &#038; Kunsthandwerk <span style=\"font-weight:700;\">DISE\u00d1O<\/span> (Zentrum Los Llanos)<\/div>\n<div style=\"margin-top:15px;font-family: 'Oranienbaum', serif;font-size:28px;line-height:28px;text-align:left;color:#000;\">Mit Mehrwert: Freizeit- &#038; Business-Mode und mehr<\/div>\n<div style=\"margin-top:10px;width:640px;height:400px;\"><img loading=\"lazy\" decoding=\"async\" src=\"http:\/\/www.disfrutalapalma.com\/wp-content\/uploads\/diseno2-14-1.jpg\" alt=\"\" title=\"diseno2-14-1\" width=\"640\" height=\"400\" class=\"alignnone size-full wp-image-10930\" \/><\/div>\n<div style=\"height:296px;width:150px;float:right;margin-left:30px;margin-top:31px;\"><img loading=\"lazy\" decoding=\"async\" src=\"http:\/\/www.disfrutalapalma.com\/wp-content\/uploads\/diseno2-14-2.jpg\" alt=\"\" title=\"diseno2-14-2\" width=\"150\" height=\"296\" class=\"alignnone size-full wp-image-10931\" \/><\/div>\n<div style=\"margin-top:15px;\">\n<p style=\"margin-bottom:0px;margin-top:0px;\"><span style=\"font-size:300%;fontweight:700;\">I<\/span>n der Calle Fern\u00e1ndez Ta\u00f1o, im Schatten der Kirche <i>Nuestra Se\u00f1ora de los Remedios<\/i> und kurz vor dem h\u00fcbschen Pl\u00e4tzchen <i>Plaza Chica<\/i>, finden Sie die Boutique <i>dise\u00f1o<\/i> f\u00fcr Mode, Schmuck und Kunsthandwerk. Das bereits seit den Neunzigerjahren existierende Gesch\u00e4ft begeistert nicht nur durch ein topaktuelles Sortiment &#8211; tolle Outfits f\u00fcr sie und ihn, attraktive Accessoires, sch\u00f6nen Schmuck und in La Palma zertifiziertes Kunsthandwerk -, sondern auch durch die Philosophie der Inhaberinnen Barbara und Sabine, die ihre Kunden mit Empathie beraten und wollen, dass sie sich bei ihnen und mit ihren Eink\u00e4ufen wohlf\u00fchlen. Dazu tragen auch die ausgesuchten Lieferanten bei, die sich verpflichtet haben, \u00f6kologisch und sozial fair zu produzieren! Des Weiteren interessant: Jeden ersten Samstag im Monat gibt es bei <i>dise\u00f1o<\/i> die beliebte \u201eHappy Hour\u201c mit dem bekannten Datumsrabatt!<\/p>\n<\/div>\n<div style=\"clear:both;\"><\/div>\n<\/div>\n<p><!-- Ende Dise\u00f1o --><br \/>\n<!-- Anfang Tiki --><\/p>\n<div style=\"margin-top:0px;\">\n<div style=\"background-color:#BA0202;text-align:center;font-weight:300;color:#FFF;font-size:22px;line-height:22px;padding-top:7px;padding-bottom:9px;\">Bar <span style=\"font-weight:700;\">La Bodeguita Tiki Bar<\/span> (Puerto Naos)<\/div>\n<div style=\"margin-top:15px;font-family: 'Oranienbaum', serif;font-size:28px;line-height:28px;text-align:left;color:#000;\">Blaues Meer, relaxte Atmosph\u00e4re &#038; Thai-Curry<\/div>\n<div style=\"margin-top:10px;width:640px;height:400px;\"><img loading=\"lazy\" decoding=\"async\" src=\"http:\/\/www.disfrutalapalma.com\/wp-content\/uploads\/Tiki2-14-1.jpg\" alt=\"\" title=\"Tiki2-14-1\" width=\"640\" height=\"400\" class=\"alignnone size-full wp-image-10932\" \/><\/div>\n<div style=\"height:200px;width:200px;float:right;margin-left:10px;margin-top:31px;\"><img loading=\"lazy\" decoding=\"async\" src=\"http:\/\/www.disfrutalapalma.com\/wp-content\/uploads\/Tiki2-14-2.jpg\" alt=\"\" title=\"Tiki2-14-2\" width=\"200\" height=\"200\" class=\"alignnone size-full wp-image-10933\" \/><\/div>\n<div style=\"margin-top:15px;\">\n<p style=\"margin-bottom:0px;margin-top:0px;\"><span style=\"font-size:300%;fontweight:700;\">U<\/span>nterhalb der kleinen Plaza in Puerto Naos, dort, wo die sch\u00f6nen gekachelten B\u00e4nke unter dem h\u00fcbschen Lorbeerbaum stehen, befindet sich die <i>La Bodeguita Tiki Bar<\/i>, in der sich wunderbar relaxen und das eine oder andere Weinchen oder Bierchen trinken l\u00e4sst &#8211; von der Terrasse sogar mit Blick auf Strand und Meer. Doch nicht nur das: Vor kurzem hat die aus Thailand stammende K\u00f6chin <i>Kanokporn<\/i> (Insidern sicher noch bestens bekannt aus dem ehemaligen Thai-Restaurant in La Bombilla) die K\u00fcche der Bar \u00fcbernommen und bereitet hier nun eine kleine aber feine Auswahl an thail\u00e4ndischen Gerichten zu wirklich fairen Preisen &#8211; von der Fr\u00fchlingsrolle bis zur Gem\u00fcsesuppe, vom gebackenen Reis bis zum H\u00fchnchencurry (Foto). &#8211; Wir haben uns nat\u00fcrlich schon durch die Karte probiert: Genial &#8211; wir sind begeistert! <\/p>\n<\/div>\n<p><a href=\"\/?p=4689\" target=\"_blank\"><\/p>\n<div class=\"lageplan\" style=\"height:22px; width:200px; background-color:#c96802;color:#FFF;text-align:center;font-weight:bold;padding:5px;margin-bottom:0px;margin-top:10px;margin-left:220px;\">Karte &#038; weitere Infos<\/div>\n<p><\/a><!-- Ende Tiki --><br \/>\n<!-- Anfang ISLAS --><\/p>\n<div style=\"margin-top:0px;\">\n<div style=\"background-color:#BA0202;text-align:center;font-weight:300;color:#FFF;font-size:22px;line-height:22px;padding-top:7px;padding-bottom:9px;\"><span style=\"font-weight:700;\">ISLAS Immobilien<\/span> (Zentrum Los Llanos)<\/div>\n<div style=\"margin-top:15px;font-family: 'Oranienbaum', serif;font-size:28px;line-height:28px;text-align:left;color:#000;\">H\u00e4user, Wohnungen &#038; erstklassiger Service<\/div>\n<div style=\"margin-top:10px;width:640px;height:400px;\"><img loading=\"lazy\" decoding=\"async\" src=\"http:\/\/www.disfrutalapalma.com\/wp-content\/uploads\/ISLAS2-14-1.jpg\" alt=\"\" title=\"ISLAS2-14-1\" width=\"640\" height=\"400\" class=\"alignnone size-full wp-image-10934\" \/><\/div>\n<div style=\"height:200px;width:200px;float:right;margin-left:10px;margin-top:31px;\"><img loading=\"lazy\" decoding=\"async\" src=\"http:\/\/www.disfrutalapalma.com\/wp-content\/uploads\/ISLAS2-14-2.jpg\" alt=\"\" title=\"ISLAS2-14-2\" width=\"200\" height=\"200\" class=\"alignnone size-full wp-image-10935\" \/><\/div>\n<div style=\"margin-top:15px;\">\n<p style=\"margin-bottom:0px;margin-top:0px;\"><span style=\"font-size:300%;fontweight:700;\">D<\/span>irekt an der Plaza Chica findet sich in einem sch\u00f6nen alten Stadthaus das seit 2008 bestehende Unternehmen <i>ISLAS Immobilien<\/i>. Das aus drei Mitarbeitern bestehende Immobilienb\u00fcro hat sich in den Jahren einen hervorragenden Ruf im Aridanetal aufgebaut und bietet Interessenten nicht nur eine aufrichtige Beratung sowie eine riesige Auswahl an H\u00e4usern, Wohnungen, Apartments und Grundst\u00fccken in allen Preisklassen und auf der ganzen Insel, sondern auch eine Reihe interessanter<br \/>\nMietobjekte. Ein weiterer wichtiger Service: Das mehrsprachige Team (Deutsch, Spanisch, Englisch, Franz\u00f6sisch, Russisch) k\u00fcmmert sich sehr engagiert um alle erforderlichen Beh\u00f6rdeng\u00e4nge sowie die gesamte Abwicklung und ist auch lange nach einem Kauf oder einem Mietabschluss noch mit Rat und Tat f\u00fcr seine Kunden da.<\/p>\n<\/div>\n<\/div>\n<p><!-- Ende ISLAS --><br \/>\n<!-- Anfang Ed\u00e9n --><\/p>\n<div style=\"margin-top:0px;\">\n<div style=\"background-color:#BA0202;text-align:center;font-weight:300;color:#FFF;font-size:22px;line-height:22px;padding-top:7px;padding-bottom:9px;\"><span style=\"font-weight:700;\">Hotel Ed\u00e9n<\/span> (Zentrum Los Llanos)<\/div>\n<div style=\"margin-top:15px;font-family: 'Oranienbaum', serif;font-size:28px;line-height:28px;text-align:left;color:#000;\">Mitten im Leben an der Plaza de Espa\u00f1a<\/div>\n<div style=\"margin-top:10px;width:640px;height:400px;\"><img loading=\"lazy\" decoding=\"async\" src=\"http:\/\/www.disfrutalapalma.com\/wp-content\/uploads\/Eden2-14-1.jpg\" alt=\"\" title=\"Eden2-14-1\" width=\"640\" height=\"400\" class=\"alignnone size-full wp-image-10936\" \/><\/div>\n<div style=\"height:200px;width:200px;float:right;margin-left:10px;margin-top:31px;\"><img loading=\"lazy\" decoding=\"async\" src=\"http:\/\/www.disfrutalapalma.com\/wp-content\/uploads\/Eden2-14-2.jpg\" alt=\"\" title=\"Eden2-14-2\" width=\"200\" height=\"200\" class=\"alignnone size-full wp-image-10937\" \/><\/div>\n<div style=\"margin-top:15px;\">\n<p style=\"margin-bottom:0px;margin-top:0px;\"><span style=\"font-size:300%;fontweight:700;\">D<\/span>irekt an der Plaza de Espa\u00f1a, also im Herzen von Los Llanos und mitten im Leben, befindet sich das etablierte <i>Stadthotel Ed\u00e9n<\/i>. Die wichtigsten Gesch\u00e4fte, die Haupteinkaufsstra\u00dfe und eine Reihe Restaurants und Bars befinden sich in unmittelbarer N\u00e4he.<br \/>\nDas Hotel bietet insgesamt 19 Zimmer in der Preiskategorie zwischen 25,- und 40,- Euro, davon 10 mit Balkon &#8211; entweder zur Plaza de Espa\u00f1a oder zur Seitenstra\u00dfe Calle \u00c1ngel, in der auch der Eingang liegt. Neben der Rezeption im ersten Stock befindet sich eine gem\u00fctliche Lobby mit sch\u00f6nem Blick auf die Plaza. Hier steht den Hotelg\u00e4sten kostenloses Internet per Wi-Fi zur Verf\u00fcgung.<br \/>\nOb f\u00fcr einen l\u00e4ngeren Besuch oder nur f\u00fcr einen Zwischenstopp, ob zum Entspannen oder zum Arbeiten: Ein zentraleres Hotel als das <i>Ed\u00e9n<\/i> findet man in Los Llanos nicht!<span style=\"color:#000;font-weight:700;\"> ? <\/span><\/p>\n<\/div>\n<p><a href=\"https:\/\/www.disfrutalapalma.com\/alojamiento\/hotel-ed%c3%a9n\/\" target=\"_blank\"><\/p>\n<div class=\"lageplan\" style=\"height:22px; width:200px; background-color:#c96802;color:#FFF;text-align:center;font-weight:bold;padding:5px;margin-bottom:0px;margin-top:10px;margin-left:220px;\">Karte &#038; weitere Infos<\/div>\n<p><\/a><!-- Ende Ed\u00e9n -->\n<\/div>\n<\/div>\n<\/div>\n<\/div>\n<div class=\"associated-posts title-full-content\"><\/div>\n","protected":false},"excerpt":{"rendered":"<p>Fotos Texte: Uwe S. Meschede So bunt ist Los Llanosde Aridane Essen, Trinken, Shopping &#038; mehr &#8230;<\/p>\n","protected":false},"author":3004,"featured_media":10997,"comment_status":"closed","ping_status":"closed","sticky":false,"template":"","format":"standard","meta":{"_acf_changed":false,"footnotes":""},"categories":[16],"tags":[],"class_list":["post-10995","post","type-post","status-publish","format-standard","has-post-thumbnail","hentry","category-cat_archiv"],"acf":[],"_links":{"self":[{"href":"https:\/\/www.disfrutalapalma.com\/de\/wp-json\/wp\/v2\/posts\/10995","targetHints":{"allow":["GET"]}}],"collection":[{"href":"https:\/\/www.disfrutalapalma.com\/de\/wp-json\/wp\/v2\/posts"}],"about":[{"href":"https:\/\/www.disfrutalapalma.com\/de\/wp-json\/wp\/v2\/types\/post"}],"author":[{"embeddable":true,"href":"https:\/\/www.disfrutalapalma.com\/de\/wp-json\/wp\/v2\/users\/3004"}],"replies":[{"embeddable":true,"href":"https:\/\/www.disfrutalapalma.com\/de\/wp-json\/wp\/v2\/comments?post=10995"}],"version-history":[{"count":7,"href":"https:\/\/www.disfrutalapalma.com\/de\/wp-json\/wp\/v2\/posts\/10995\/revisions"}],"predecessor-version":[{"id":13685,"href":"https:\/\/www.disfrutalapalma.com\/de\/wp-json\/wp\/v2\/posts\/10995\/revisions\/13685"}],"wp:featuredmedia":[{"embeddable":true,"href":"https:\/\/www.disfrutalapalma.com\/de\/wp-json\/wp\/v2\/media\/10997"}],"wp:attachment":[{"href":"https:\/\/www.disfrutalapalma.com\/de\/wp-json\/wp\/v2\/media?parent=10995"}],"wp:term":[{"taxonomy":"category","embeddable":true,"href":"https:\/\/www.disfrutalapalma.com\/de\/wp-json\/wp\/v2\/categories?post=10995"},{"taxonomy":"post_tag","embeddable":true,"href":"https:\/\/www.disfrutalapalma.com\/de\/wp-json\/wp\/v2\/tags?post=10995"}],"curies":[{"name":"wp","href":"https:\/\/api.w.org\/{rel}","templated":true}]}}