{"id":10982,"date":"2014-03-31T17:33:33","date_gmt":"2014-03-31T16:33:33","guid":{"rendered":"http:\/\/www.disfrutalapalma.com\/?p=10982"},"modified":"2019-10-05T15:16:39","modified_gmt":"2019-10-05T14:16:39","slug":"pizzer%c3%ada-dulce-y-salado-el-paso","status":"publish","type":"post","link":"https:\/\/www.disfrutalapalma.com\/de\/2014\/03\/pizzer%c3%ada-dulce-y-salado-el-paso\/","title":{"rendered":"Pizzer\u00eda Dulce y Salado El Paso"},"content":{"rendered":"<div>\n<div><img loading=\"lazy\" decoding=\"async\" src=\"http:\/\/www.disfrutalapalma.com\/wp-content\/uploads\/DyS_2-14-1.jpg\" alt=\"\" title=\"DyS_2-14-1\" width=\"640\" height=\"248\" class=\"alignnone size-full wp-image-10800\" \/><\/div>\n<div style=\"text-align:center;font-weight:bold;color:#999;font-size:24px;margin-top:10px;\">Pizzer\u00eda Dulce y Salado, El Paso<\/div>\n<div style=\"text-align:center;font-weight:bold;color:#000;font-size:30px;line-height:30px;margin-top:10px;\">Hausgemacht &#038; lecker mit einem Touch Karibik<\/div>\n<div style=\"text-align:center;margin-top:10px;\"><img loading=\"lazy\" decoding=\"async\" src=\"http:\/\/www.disfrutalapalma.com\/wp-content\/uploads\/DyS_2-14-3.jpg\" alt=\"\" title=\"DyS_2-14-3\" width=\"400\" height=\"81\" class=\"alignnone size-full wp-image-10810\" srcset=\"https:\/\/www.disfrutalapalma.com\/wp-content\/uploads\/DyS_2-14-3.jpg 400w, https:\/\/www.disfrutalapalma.com\/wp-content\/uploads\/DyS_2-14-3-300x60.jpg 300w, https:\/\/www.disfrutalapalma.com\/wp-content\/uploads\/DyS_2-14-3-100x20.jpg 100w\" sizes=\"auto, (max-width: 400px) 100vw, 400px\" \/><\/div>\n<div style=\"margin-top:15px;margin-bottom:5px;\">Uns scheint, je beliebter die <i>Pizzer\u00eda Dulce y Salado El Paso<\/i> in der Kurve am westlichen Ortsausgang von El Paso wird, desto kreativer werden die beiden Inhaber Brixeida und Thomas. Und trotz st\u00e4ndig gut gef\u00fclltem Haus (zur Sicherheit sollte man reservieren!) und begeisterten G\u00e4sten scheinen die beiden leidenschaftlichen Gastronomen nicht m\u00fcde zu werden, ihrer Kundschaft regelm\u00e4\u00dfig neue hausgemachte Leckerbissen aus ihrer dominikanisch-deutsch-italienischen K\u00fcche zu kredenzen.<br \/>\nZum Fr\u00fchjahr hat das sympathische Paar nun wieder einmal zwei neue Gerichte in die Karte aufgenommen, die eine gekonnte Kombination aus traditioneller und kreolischer K\u00fcche sind und durch einen sensiblen exotisch-karibischen Touch wunderbar in den beginnenden Lenz passen: Entrec\u00f4te mit Senf-\/Honigso\u00dfe, Yucca und Tagesgem\u00fcse (Foto unten links) sowie gebratener Lachs mit Mango-\/Ingwerso\u00dfe, Basmatireis und Tagesgem\u00fcse (Foto unten rechts). Wir haben nat\u00fcrlich schon probiert und m\u00fcssen offenbaren: \u201eSehr delikat, sehr fruchtig, sehr frisch &#8211; absolut empfehlenswert.\u201c<br \/>\nNeben diesen Neuheiten mit dem Tick Exotik sowie den anderen kreolischen Gerichten empfehlen wir nat\u00fcrlich nach wie vor die fantastischen Ravioli (Foto oben) und Tagliatelle, die reichhaltigen Salate, die knackigen Pizzas und, last but not least, die wunderbar s\u00fc\u00dfen Desserts. Wie schon gesagt: Alles hausgemacht, alles entsprechend lecker.<br \/>\nWir meinen: Wer hier nichts findet, ist selber schuld!<\/div>\n<div><img loading=\"lazy\" decoding=\"async\" src=\"http:\/\/www.disfrutalapalma.com\/wp-content\/uploads\/DyS_2-14-2.jpg\" alt=\"\" title=\"DyS_2-14-2\" width=\"640\" height=\"197\" class=\"alignnone size-full wp-image-10804\" srcset=\"https:\/\/www.disfrutalapalma.com\/wp-content\/uploads\/DyS_2-14-2.jpg 640w, https:\/\/www.disfrutalapalma.com\/wp-content\/uploads\/DyS_2-14-2-300x92.jpg 300w, https:\/\/www.disfrutalapalma.com\/wp-content\/uploads\/DyS_2-14-2-100x30.jpg 100w\" sizes=\"auto, (max-width: 640px) 100vw, 640px\" \/><\/div>\n<div style=\"margin-top:0px;font-style:italic;text-align:left;font-size:10px;line-height:10px;\">\n<p style=\"margin:0px;\">Fotos &#038; Text: Uwe S. Meschede<\/p>\n<\/div>\n<\/div>\n<div class=\"associated-posts title-full-content\"><\/div>\n","protected":false},"excerpt":{"rendered":"<p>Pizzer\u00eda Dulce y Salado, El Paso Hausgemacht &#038; lecker mit einem Touch Karibik Uns scheint, je beliebter die Pizzer\u00eda Dulce y Salado El Paso in der Kurve am westlichen Ortsausgang von El Paso wird, desto kreativer werden die beiden Inhaber &hellip; <a href=\"https:\/\/www.disfrutalapalma.com\/de\/2014\/03\/pizzer%c3%ada-dulce-y-salado-el-paso\/\">Weiterlesen <span class=\"meta-nav\">&rarr;<\/span><\/a><\/p>\n","protected":false},"author":3004,"featured_media":10984,"comment_status":"closed","ping_status":"closed","sticky":false,"template":"","format":"standard","meta":{"_acf_changed":false,"footnotes":""},"categories":[16],"tags":[],"class_list":["post-10982","post","type-post","status-publish","format-standard","has-post-thumbnail","hentry","category-cat_archiv"],"acf":[],"_links":{"self":[{"href":"https:\/\/www.disfrutalapalma.com\/de\/wp-json\/wp\/v2\/posts\/10982","targetHints":{"allow":["GET"]}}],"collection":[{"href":"https:\/\/www.disfrutalapalma.com\/de\/wp-json\/wp\/v2\/posts"}],"about":[{"href":"https:\/\/www.disfrutalapalma.com\/de\/wp-json\/wp\/v2\/types\/post"}],"author":[{"embeddable":true,"href":"https:\/\/www.disfrutalapalma.com\/de\/wp-json\/wp\/v2\/users\/3004"}],"replies":[{"embeddable":true,"href":"https:\/\/www.disfrutalapalma.com\/de\/wp-json\/wp\/v2\/comments?post=10982"}],"version-history":[{"count":4,"href":"https:\/\/www.disfrutalapalma.com\/de\/wp-json\/wp\/v2\/posts\/10982\/revisions"}],"predecessor-version":[{"id":27634,"href":"https:\/\/www.disfrutalapalma.com\/de\/wp-json\/wp\/v2\/posts\/10982\/revisions\/27634"}],"wp:featuredmedia":[{"embeddable":true,"href":"https:\/\/www.disfrutalapalma.com\/de\/wp-json\/wp\/v2\/media\/10984"}],"wp:attachment":[{"href":"https:\/\/www.disfrutalapalma.com\/de\/wp-json\/wp\/v2\/media?parent=10982"}],"wp:term":[{"taxonomy":"category","embeddable":true,"href":"https:\/\/www.disfrutalapalma.com\/de\/wp-json\/wp\/v2\/categories?post=10982"},{"taxonomy":"post_tag","embeddable":true,"href":"https:\/\/www.disfrutalapalma.com\/de\/wp-json\/wp\/v2\/tags?post=10982"}],"curies":[{"name":"wp","href":"https:\/\/api.w.org\/{rel}","templated":true}]}}